{"id":332,"date":"2011-09-07T17:14:00","date_gmt":"2011-09-07T17:14:00","guid":{"rendered":"http:\/\/www.toque-musicall.com\/?p=332"},"modified":"2011-09-07T17:14:00","modified_gmt":"2011-09-07T17:14:00","slug":"os-incriveis-compacto-1971","status":"publish","type":"post","link":"https:\/\/www.toque-musicall.com\/?p=332","title":{"rendered":"Os Incr\u00edveis &#8211; Compacto (1971)"},"content":{"rendered":"<div style=\"clear: both; text-align: center;\"><a href=\"http:\/\/1.bp.blogspot.com\/-0H2zZ10QqOg\/TmeVWrI2GVI\/AAAAAAAAISA\/MdiqzhJQbVs\/s1600\/os+incriveis+P.JPG\" style=\"margin-left: 1em; margin-right: 1em;\"><img loading=\"lazy\" decoding=\"async\" border=\"0\" height=\"400\" src=\"http:\/\/1.bp.blogspot.com\/-0H2zZ10QqOg\/TmeVWrI2GVI\/AAAAAAAAISA\/MdiqzhJQbVs\/s400\/os+incriveis+P.JPG\" width=\"398\" \/><\/a><\/div>\n<p>Ol\u00e1s! Embora eu ontem n\u00e3o tenha comentado, j\u00e1 estava em ritmo de Independ\u00eancia, com Dom Pedro I, compositor no ensaio, j\u00e1 se preparando para o Grito do Ipiranga, hehehe&#8230; Pois \u00e9, foi mesmo uma feliz coincid\u00eancia e hoje, aqui vamos cumprir o nosso dever c\u00edvico, cantando com Os Incr\u00edveis, o Hino Nacional e o Hino da Independ\u00eancia. Este compacto saiu no auge da ditadura. Muitos diziam que a banda era &#8216;vendida&#8217;, \u00e0 servi\u00e7o da propaganda do Governo Militar, devido ao fato de terem gravado &#8220;Eu te amo, meu Brasil&#8221;, de Dom e Ravel, que por sinal foram outros injusti\u00e7ados, usados e abusados pelos militares e super discriminados pelos artistas de esquerda. O mesmo, de uma certa forma, ocorreu com Os Incr\u00edveis, que gravaram essa m\u00fasica apenas de sarro. Quando em 1971 eles sa\u00edram com esse compacto, cantando os hinos Nacional e da Independ\u00eancia, num disco patrocionado pelo sab\u00e3o em p\u00f3 Rinso, muita gente caiu de pau neles. A verdade \u00e9 que Os Incr\u00edveis era uma banda de rock&#8217;n&#8217;roll. Bom, pelo menos essa era a proposta inicial. Por certo, aquela turma n\u00e3o estava preocupada com pol\u00edtica, o que eles queriam era fazer m\u00fasica, rock. Nesse sentido, pessoalmente, acho que a banda s\u00f3 tinha um defeito, eram p\u00e9ssimos na escolha de repert\u00f3rio. Quem via os caras pela estampa, ou pelo arsenal de instrumentos musicais, no final dos anos 60, achava que era uma super banda de rock. E eram, s\u00f3 que estavam mais para uma super banda da Jovem Guarda. M\u00fasicos talentosos que viriam a me fazer pagar l\u00edngua quando surgiram com seus &#8220;Casa das M\u00e1quinas&#8221;, do Netinho e &#8220;Som Nosso de Cada Dia&#8221;, do Manito (essa \u00faltima ent\u00e3o, mora no meu cora\u00e7\u00e3o e &#8216;Favoritos&#8217;). N\u00e3o sei o que realmente motivou os rapazes a gravarem este compacto, contudo o fizeram muito bem. A gente at\u00e9 passa a ouvir esses hinos com outros olhos. Quem sabe assim, atrav\u00e9s de uma vers\u00e3o moderninha, as pessoas passem a simpatizar mais com a m\u00fasica e principalmente cantar direito a letra (a gente escuta cada uma&#8230;)<br \/>\u00c9 isso a\u00ed, mo\u00e7ada culta e oculta! P\u00f5e para tocar, levantem, m\u00e3o no peito e podem cantar. N\u00e3o se esque\u00e7am da Bandeira Nacional, p\u00f5e do lado e deixa o santo do patriotismo baixar&#8230;<\/p>\n<div style=\"text-align: center;\">hino nacional brasileiro<\/div>\n<div style=\"text-align: center;\">hino da independ\u00eancia<\/div>\n","protected":false},"excerpt":{"rendered":"<p>Ol\u00e1s! Embora eu ontem n\u00e3o tenha comentado, j\u00e1 estava em ritmo de Independ\u00eancia, com Dom Pedro I, compositor no ensaio, j\u00e1 se preparando para o Grito do Ipiranga, hehehe&#8230; Pois \u00e9, foi mesmo uma feliz coincid\u00eancia e hoje, aqui vamos &hellip; <a href=\"https:\/\/www.toque-musicall.com\/?p=332\">Continue lendo <span class=\"meta-nav\">&rarr;<\/span><\/a><\/p>\n","protected":false},"author":1,"featured_media":0,"comment_status":"open","ping_status":"closed","sticky":false,"template":"","format":"standard","meta":{"footnotes":""},"categories":[370,70],"tags":[],"class_list":["post-332","post","type-post","status-publish","format-standard","hentry","category-os-incriveis","category-selo-rca-victor"],"_links":{"self":[{"href":"https:\/\/www.toque-musicall.com\/index.php?rest_route=\/wp\/v2\/posts\/332","targetHints":{"allow":["GET"]}}],"collection":[{"href":"https:\/\/www.toque-musicall.com\/index.php?rest_route=\/wp\/v2\/posts"}],"about":[{"href":"https:\/\/www.toque-musicall.com\/index.php?rest_route=\/wp\/v2\/types\/post"}],"author":[{"embeddable":true,"href":"https:\/\/www.toque-musicall.com\/index.php?rest_route=\/wp\/v2\/users\/1"}],"replies":[{"embeddable":true,"href":"https:\/\/www.toque-musicall.com\/index.php?rest_route=%2Fwp%2Fv2%2Fcomments&post=332"}],"version-history":[{"count":0,"href":"https:\/\/www.toque-musicall.com\/index.php?rest_route=\/wp\/v2\/posts\/332\/revisions"}],"wp:attachment":[{"href":"https:\/\/www.toque-musicall.com\/index.php?rest_route=%2Fwp%2Fv2%2Fmedia&parent=332"}],"wp:term":[{"taxonomy":"category","embeddable":true,"href":"https:\/\/www.toque-musicall.com\/index.php?rest_route=%2Fwp%2Fv2%2Fcategories&post=332"},{"taxonomy":"post_tag","embeddable":true,"href":"https:\/\/www.toque-musicall.com\/index.php?rest_route=%2Fwp%2Fv2%2Ftags&post=332"}],"curies":[{"name":"wp","href":"https:\/\/api.w.org\/{rel}","templated":true}]}}