{"id":3321,"date":"2013-08-20T20:54:21","date_gmt":"2013-08-20T23:54:21","guid":{"rendered":"http:\/\/www.toque-musicall.com\/?p=3321"},"modified":"2013-08-20T20:54:21","modified_gmt":"2013-08-20T23:54:21","slug":"quincas-e-os-copacabana-ritmos-sob-medida-1961","status":"publish","type":"post","link":"https:\/\/www.toque-musicall.com\/?p=3321","title":{"rendered":"Quincas E Os Copacabana &#8211; R\u00edtmos Sob Medida (1961)"},"content":{"rendered":"<p><img loading=\"lazy\" decoding=\"async\" class=\"aligncenter\" src=\"http:\/\/1.bp.blogspot.com\/-mZ4zeukfyZg\/UhPysZCpTAI\/AAAAAAAAHSI\/MMMfGtPD4sY\/s640\/capap.JPG\" alt=\"\" width=\"640\" height=\"625\" \/><img loading=\"lazy\" decoding=\"async\" class=\"alignnone\" src=\"http:\/\/4.bp.blogspot.com\/-uIG_zOwcNA8\/UhPymVgkLAI\/AAAAAAAAHSA\/sjWU47ZqJf4\/s640\/contrap.JPG\" alt=\"\" width=\"631\" height=\"640\" \/><\/p>\n<p>Boa noite, meus prezados amigos cultos e ocultos! Trago hoje para voc\u00eas o conjunto &#8220;Os Copacabana&#8221;, sob o comando do saxofonista Quincas, em disco lan\u00e7ado pela Companhia Brasileira de Discos, com o selo Philips, em 1961. Quincas \u00e9 o respons\u00e1vel pela dire\u00e7\u00e3o e arranjos deste conjunto\/orquestra que aparece aqui sem a presen\u00e7a de dois outros condutores do grupo, o pianista Vadico e o trombonista Astor. Ao que tudo indica, este \u00e1lbum foi lan\u00e7ado ap\u00f3s o retorno do grupo em turn\u00ea\u00a0de sucesso\u00a0pela Europa. Trazem um repert\u00f3rio variado e dan\u00e7ante, inclusive a moderna &#8220;A Felicidade&#8221;, de Tom Jobim e Vin\u00edcius de Moraes, m\u00fasica composta em 1959 e que fez parte da trilha do filme &#8220;Orfeu Negro&#8221;. Cheia de bossa \ud83d\ude42 Disco bacana&#8230;<\/p>\n<div style=\"text-align: center;\">chorinho na gafieira<\/div>\n<div style=\"text-align: center;\">trumpet mambo<\/div>\n<div style=\"text-align: center;\">greenfields<\/div>\n<div style=\"text-align: center;\">rosa morena<\/div>\n<div style=\"text-align: center;\">b\u00e1jate de esa nube<\/div>\n<div style=\"text-align: center;\">tema para dois<\/div>\n<div style=\"text-align: center;\">trumpet talk<\/div>\n<div style=\"text-align: center;\">a felicidade<\/div>\n<div style=\"text-align: center;\">botij\u00e3o<\/div>\n<div style=\"text-align: center;\">perf\u00eddia<\/div>\n<div style=\"text-align: center;\">gin-kana<\/div>\n<div style=\"text-align: center;\">angelique<\/div>\n<div style=\"text-align: center;\"><\/div>\n<div style=\"text-align: center;\">.<\/div>\n<div style=\"text-align: center;\"><\/div>\n","protected":false},"excerpt":{"rendered":"<p>Boa noite, meus prezados amigos cultos e ocultos! Trago hoje para voc\u00eas o conjunto &#8220;Os Copacabana&#8221;, sob o comando do saxofonista Quincas, em disco lan\u00e7ado pela Companhia Brasileira de Discos, com o selo Philips, em 1961. Quincas \u00e9 o respons\u00e1vel &hellip; <a href=\"https:\/\/www.toque-musicall.com\/?p=3321\">Continue lendo <span class=\"meta-nav\">&rarr;<\/span><\/a><\/p>\n","protected":false},"author":1,"featured_media":0,"comment_status":"open","ping_status":"closed","sticky":false,"template":"","format":"standard","meta":{"footnotes":""},"categories":[1258,2037,2221,48],"tags":[],"class_list":["post-3321","post","type-post","status-publish","format-standard","hentry","category-al-quincas","category-os-copacabana","category-quincas","category-selo-philips"],"_links":{"self":[{"href":"https:\/\/www.toque-musicall.com\/index.php?rest_route=\/wp\/v2\/posts\/3321","targetHints":{"allow":["GET"]}}],"collection":[{"href":"https:\/\/www.toque-musicall.com\/index.php?rest_route=\/wp\/v2\/posts"}],"about":[{"href":"https:\/\/www.toque-musicall.com\/index.php?rest_route=\/wp\/v2\/types\/post"}],"author":[{"embeddable":true,"href":"https:\/\/www.toque-musicall.com\/index.php?rest_route=\/wp\/v2\/users\/1"}],"replies":[{"embeddable":true,"href":"https:\/\/www.toque-musicall.com\/index.php?rest_route=%2Fwp%2Fv2%2Fcomments&post=3321"}],"version-history":[{"count":1,"href":"https:\/\/www.toque-musicall.com\/index.php?rest_route=\/wp\/v2\/posts\/3321\/revisions"}],"predecessor-version":[{"id":3322,"href":"https:\/\/www.toque-musicall.com\/index.php?rest_route=\/wp\/v2\/posts\/3321\/revisions\/3322"}],"wp:attachment":[{"href":"https:\/\/www.toque-musicall.com\/index.php?rest_route=%2Fwp%2Fv2%2Fmedia&parent=3321"}],"wp:term":[{"taxonomy":"category","embeddable":true,"href":"https:\/\/www.toque-musicall.com\/index.php?rest_route=%2Fwp%2Fv2%2Fcategories&post=3321"},{"taxonomy":"post_tag","embeddable":true,"href":"https:\/\/www.toque-musicall.com\/index.php?rest_route=%2Fwp%2Fv2%2Ftags&post=3321"}],"curies":[{"name":"wp","href":"https:\/\/api.w.org\/{rel}","templated":true}]}}