{"id":3325,"date":"2013-08-22T19:33:14","date_gmt":"2013-08-22T22:33:14","guid":{"rendered":"http:\/\/www.toque-musicall.com\/?p=3325"},"modified":"2013-08-22T19:33:14","modified_gmt":"2013-08-22T22:33:14","slug":"elis-regina-como-porque-1969","status":"publish","type":"post","link":"https:\/\/www.toque-musicall.com\/?p=3325","title":{"rendered":"Elis Regina &#8211; Como &#038; Porque (1969)"},"content":{"rendered":"<p><img loading=\"lazy\" decoding=\"async\" class=\"aligncenter\" src=\"http:\/\/3.bp.blogspot.com\/-nAVTD34m1qk\/UhXu2Rz696I\/AAAAAAAAHTA\/jK7VpJ6At4I\/s640\/capap.JPG\" alt=\"\" width=\"639\" height=\"640\" \/><img loading=\"lazy\" decoding=\"async\" class=\"aligncenter\" src=\"http:\/\/1.bp.blogspot.com\/-7uExtzffYyw\/UhXuwmKohGI\/AAAAAAAAHS4\/p8QieqYUZjQ\/s640\/contrap.JPG\" alt=\"\" width=\"636\" height=\"640\" \/><\/p>\n<p>Muito bom dia, amigos cultos e ocultos! Para o dia de hoje eu j\u00e1 estava planejando continuar na base da orquestra e conjuntos dos anos 60, mas por alguma raz\u00e3o eu sonhei que estava postado este disco da Elis Regina. Pode parecer estranho, mas no sonho at\u00e9 a m\u00fasica em senti. Sonhei que estava ouvindo a Elis cantando a &#8220;Aquarela do Brasil&#8221;. Acordei com a m\u00fasica na cabe\u00e7a e fui cantarolando pro banheiro. Continuei solfejando at\u00e9 encontrar o disco e agora ele est\u00e1 aqui \ud83d\ude42 N\u00e3o resisti a tenta\u00e7\u00e3o&#8230; Maravilha este lp, o qual, creio, todos j\u00e1 conhecem, mas vale a pena ouvir de novo. Elis vem acompanhada por um time de feras: Ant\u00f4nio Adolfo no piano; Hermes na percuss\u00e3o; Z\u00e9 Roberto no contrabaixo; Wilson\u00a0(literalmente)\u00a0da Neves e Roberto Menescal. Este \u00faltimo \u00e9 o respons\u00e1vel pelos arranjos do conjunto e os arranjos de orquestra ficam por conta do maestro Erlon Chaves. Vamos ouvir? D\u00e1-lhes GTM!<\/p>\n<div style=\"text-align: center;\">aquarela do brasil &#8211; nega do cabelo duro<\/div>\n<div style=\"text-align: center;\">o sonho<\/div>\n<div style=\"text-align: center;\">vera cruz<\/div>\n<div style=\"text-align: center;\">casa forte<\/div>\n<div style=\"text-align: center;\">canto de ossanha<\/div>\n<div style=\"text-align: center;\">giro<\/div>\n<div style=\"text-align: center;\">o barquinho<\/div>\n<div style=\"text-align: center;\">andan\u00e7a<\/div>\n<div style=\"text-align: center;\">les parapluies des cherbourg<\/div>\n<div style=\"text-align: center;\">samba da pergunta<\/div>\n<div style=\"text-align: center;\">mem\u00f3rias de marta sar\u00e9<\/div>\n<div style=\"text-align: center;\"><\/div>\n<div style=\"text-align: center;\">.<\/div>\n","protected":false},"excerpt":{"rendered":"<p>Muito bom dia, amigos cultos e ocultos! Para o dia de hoje eu j\u00e1 estava planejando continuar na base da orquestra e conjuntos dos anos 60, mas por alguma raz\u00e3o eu sonhei que estava postado este disco da Elis Regina. &hellip; <a href=\"https:\/\/www.toque-musicall.com\/?p=3325\">Continue lendo <span class=\"meta-nav\">&rarr;<\/span><\/a><\/p>\n","protected":false},"author":1,"featured_media":0,"comment_status":"open","ping_status":"closed","sticky":false,"template":"","format":"standard","meta":{"footnotes":""},"categories":[52,48],"tags":[],"class_list":["post-3325","post","type-post","status-publish","format-standard","hentry","category-elis-regina","category-selo-philips"],"_links":{"self":[{"href":"https:\/\/www.toque-musicall.com\/index.php?rest_route=\/wp\/v2\/posts\/3325","targetHints":{"allow":["GET"]}}],"collection":[{"href":"https:\/\/www.toque-musicall.com\/index.php?rest_route=\/wp\/v2\/posts"}],"about":[{"href":"https:\/\/www.toque-musicall.com\/index.php?rest_route=\/wp\/v2\/types\/post"}],"author":[{"embeddable":true,"href":"https:\/\/www.toque-musicall.com\/index.php?rest_route=\/wp\/v2\/users\/1"}],"replies":[{"embeddable":true,"href":"https:\/\/www.toque-musicall.com\/index.php?rest_route=%2Fwp%2Fv2%2Fcomments&post=3325"}],"version-history":[{"count":1,"href":"https:\/\/www.toque-musicall.com\/index.php?rest_route=\/wp\/v2\/posts\/3325\/revisions"}],"predecessor-version":[{"id":3326,"href":"https:\/\/www.toque-musicall.com\/index.php?rest_route=\/wp\/v2\/posts\/3325\/revisions\/3326"}],"wp:attachment":[{"href":"https:\/\/www.toque-musicall.com\/index.php?rest_route=%2Fwp%2Fv2%2Fmedia&parent=3325"}],"wp:term":[{"taxonomy":"category","embeddable":true,"href":"https:\/\/www.toque-musicall.com\/index.php?rest_route=%2Fwp%2Fv2%2Fcategories&post=3325"},{"taxonomy":"post_tag","embeddable":true,"href":"https:\/\/www.toque-musicall.com\/index.php?rest_route=%2Fwp%2Fv2%2Ftags&post=3325"}],"curies":[{"name":"wp","href":"https:\/\/api.w.org\/{rel}","templated":true}]}}