{"id":3331,"date":"2013-08-25T23:44:38","date_gmt":"2013-08-26T02:44:38","guid":{"rendered":"http:\/\/www.toque-musicall.com\/?p=3331"},"modified":"2013-08-26T07:50:19","modified_gmt":"2013-08-26T10:50:19","slug":"carlos-lyra-eu-elas-1972","status":"publish","type":"post","link":"https:\/\/www.toque-musicall.com\/?p=3331","title":{"rendered":"Carlos Lyra &#8211; Eu &#038; Elas&#8230; (1972)"},"content":{"rendered":"<p><img loading=\"lazy\" decoding=\"async\" class=\"aligncenter\" src=\"http:\/\/1.bp.blogspot.com\/-W1wTA6lHlBo\/UhsmyFXAOrI\/AAAAAAAAHUM\/4TQnSmXO7Xk\/s640\/capap.JPG\" alt=\"\" width=\"624\" height=\"640\" \/><img loading=\"lazy\" decoding=\"async\" class=\"aligncenter\" src=\"http:\/\/2.bp.blogspot.com\/-HApKRbg00yw\/UhsmsiQLo2I\/AAAAAAAAHUE\/IBH61Ej5VBA\/s640\/contrap.JPG\" alt=\"\" width=\"634\" height=\"640\" \/><\/p>\n<p>Amigos cultos e ocultos, aqui vou eu entrando no finalzinho do segundo tempo. O domingo vai acabando e eu aqui j\u00e1 estou chegando para marcar o ponto di\u00e1rio \ud83d\ude42 Vamos com mais um &#8216;disco de gaveta&#8217;, aqueles sempre prontos para as hora incertas. Mais uma vez, no sorteio, temos uma boa pedida, Carlos Lyra.<br \/>\n&#8220;Eu &amp; Elas&#8230;&#8221; foi um \u00e1lbum lan\u00e7ado em 1972, o segundo ap\u00f3s seu retorno ao Brasil. O disco foi produzido por Paulinho Tapaj\u00f3s e traz um repert\u00f3rio particamente autoral com temas sempre rom\u00e2nticos e letras po\u00e9ticas.<\/p>\n<div style=\"text-align: center;\">entrudo<\/div>\n<div style=\"text-align: center;\">afrolatino<\/div>\n<div style=\"text-align: center;\">antes do tempo<\/div>\n<div style=\"text-align: center;\">s\u00f3 choro quando estou feliz<\/div>\n<div style=\"text-align: center;\">nothing night<\/div>\n<div style=\"text-align: center;\">os olhos da madrugada<\/div>\n<div style=\"text-align: center;\">solo una mujer<\/div>\n<div style=\"text-align: center;\">elas<\/div>\n<div style=\"text-align: center;\">isabel<\/div>\n<div style=\"text-align: center;\">o amor mais triste<\/div>\n<div style=\"text-align: center;\">l\u00e1 vou eu<\/div>\n<div style=\"text-align: center;\">despedida<\/div>\n<div style=\"text-align: center;\"><\/div>\n<div style=\"text-align: center;\">.<\/div>\n","protected":false},"excerpt":{"rendered":"<p>Amigos cultos e ocultos, aqui vou eu entrando no finalzinho do segundo tempo. O domingo vai acabando e eu aqui j\u00e1 estou chegando para marcar o ponto di\u00e1rio \ud83d\ude42 Vamos com mais um &#8216;disco de gaveta&#8217;, aqueles sempre prontos para &hellip; <a href=\"https:\/\/www.toque-musicall.com\/?p=3331\">Continue lendo <span class=\"meta-nav\">&rarr;<\/span><\/a><\/p>\n","protected":false},"author":1,"featured_media":0,"comment_status":"open","ping_status":"closed","sticky":false,"template":"","format":"standard","meta":{"footnotes":""},"categories":[588,48],"tags":[],"class_list":["post-3331","post","type-post","status-publish","format-standard","hentry","category-carlos-lyra","category-selo-philips"],"_links":{"self":[{"href":"https:\/\/www.toque-musicall.com\/index.php?rest_route=\/wp\/v2\/posts\/3331","targetHints":{"allow":["GET"]}}],"collection":[{"href":"https:\/\/www.toque-musicall.com\/index.php?rest_route=\/wp\/v2\/posts"}],"about":[{"href":"https:\/\/www.toque-musicall.com\/index.php?rest_route=\/wp\/v2\/types\/post"}],"author":[{"embeddable":true,"href":"https:\/\/www.toque-musicall.com\/index.php?rest_route=\/wp\/v2\/users\/1"}],"replies":[{"embeddable":true,"href":"https:\/\/www.toque-musicall.com\/index.php?rest_route=%2Fwp%2Fv2%2Fcomments&post=3331"}],"version-history":[{"count":3,"href":"https:\/\/www.toque-musicall.com\/index.php?rest_route=\/wp\/v2\/posts\/3331\/revisions"}],"predecessor-version":[{"id":3333,"href":"https:\/\/www.toque-musicall.com\/index.php?rest_route=\/wp\/v2\/posts\/3331\/revisions\/3333"}],"wp:attachment":[{"href":"https:\/\/www.toque-musicall.com\/index.php?rest_route=%2Fwp%2Fv2%2Fmedia&parent=3331"}],"wp:term":[{"taxonomy":"category","embeddable":true,"href":"https:\/\/www.toque-musicall.com\/index.php?rest_route=%2Fwp%2Fv2%2Fcategories&post=3331"},{"taxonomy":"post_tag","embeddable":true,"href":"https:\/\/www.toque-musicall.com\/index.php?rest_route=%2Fwp%2Fv2%2Ftags&post=3331"}],"curies":[{"name":"wp","href":"https:\/\/api.w.org\/{rel}","templated":true}]}}