{"id":3335,"date":"2013-08-26T22:00:15","date_gmt":"2013-08-27T01:00:15","guid":{"rendered":"http:\/\/www.toque-musicall.com\/?p=3335"},"modified":"2013-08-26T22:00:15","modified_gmt":"2013-08-27T01:00:15","slug":"cyro-monteiro-parte-1-selecao-78-rpm-do-toque-musical-vol-66-2013","status":"publish","type":"post","link":"https:\/\/www.toque-musicall.com\/?p=3335","title":{"rendered":"Cyro Monteiro (parte 1) &#8211; Sele\u00e7\u00e3o 78 RPM Do Toque Musical &#8211; Vol. 66 (2013)"},"content":{"rendered":"<p><img loading=\"lazy\" decoding=\"async\" class=\"aligncenter\" src=\"http:\/\/2.bp.blogspot.com\/-geqrp74CZvQ\/UhvztCm9bDI\/AAAAAAAAHVE\/-gfY_rI-jOo\/s640\/CAPAP.JPG\" alt=\"\" width=\"640\" height=\"640\" \/><img loading=\"lazy\" decoding=\"async\" class=\"aligncenter\" src=\"http:\/\/4.bp.blogspot.com\/-xlt_XidHHBA\/UhvzpNq_6LI\/AAAAAAAAHU4\/i3-IVLbH60E\/s640\/CONTRACAPA.jpg\" alt=\"\" width=\"640\" height=\"640\" \/><\/p>\n<div>Esta semana, em sua sexag\u00e9sima-sexta edi\u00e7\u00e3o, o Grand Record Brasil apresenta a primeira de duas partes de uma retrospectiva dedicada a um dos maiores cantores que o Brasil j\u00e1 teve, e cujo centen\u00e1rio de nascimento comemoramos neste 2013: Cyro Monteiro, o \u201cFormig\u00e3o\u201d (apelido que lhe foi dado pelo compositor Erat\u00f3stenes Fraz\u00e3o), tamb\u00e9m conhecido como \u201co cantor das mil e uma f\u00e3s\u201d.<\/div>\n<div>Sobrinho do pianista Non\u00f4 (Romualdo Peixoto), o \u201cPaderevsky do samba\u201d e, por\u00a0\u00a0tabela, primo de Cauby Peixoto, Cyro Monteiro era carioca da gema, nascido no sub\u00farbio do Rocha em\u00a0\u00a028 de maio de 1913, em uma fam\u00edlia de nove irm\u00e3os, todos com nomes come\u00e7ados com a letra C! O pai de Cyro era dentista, capit\u00e3o do Ex\u00e9rcito e funcion\u00e1rio p\u00fablico. O futuro astro passou a inf\u00e2ncia e a juventude em Niter\u00f3i, litoral fluminense, para onde se mudou com a fam\u00edlia quando tinha s\u00f3 dois anos de idade. Fez seus estudos no Grupo Escolar Alberto Brand\u00e3o, na Escola Profissional Washington Luiz e no Instituto de Humanidades. Costumava cantar informalmente para os amigos, no conforto de seu sacrossanto lar, doce lar, e em festas, acompanhado do irm\u00e3o Careno, at\u00e9 que um dia, em 1933, S\u00edlvio Caldas, que frequentava sua casa, chamou-o para substituir Luiz Barbosa, com quem cantava em dupla, em um programa da R\u00e1dio Educadora. Um ano depois, Cyro foi contratado pela R\u00e1dio Mayrink Veiga, escalado de in\u00edcio para um programa diurno mas logo subindo para os noturnos, marcando o ritmo com sua indefect\u00edvel caixa de f\u00f3sforos, assim como Luiz Barbosa fazia com o chap\u00e9u de palha.<\/div>\n<div>\u00a0Grava seu primeiro disco na Odeon, para o carnaval de 1936, com dois sambas que na tiveram muito sucesso, at\u00e9 porque o ano\u00a0\u00a0foi concorrid\u00edssimo: \u201cV\u00ea se desguia\u201d e \u201cPerdoa\u201d. Um ano depois, grava dois discos particulares na RCA Victor, por encomenda, a fim de promover a tradicional Festa da Uva de Jundia\u00ed, SP.\u00a0\u00a0E finalmente, em 1938, vem o primeiro grande sucesso, com um cl\u00e1ssico do samba: \u201cSe acaso voc\u00ea chegasse\u201d, de Lupic\u00ednio Rodrigues e Felisberto Martins, seu primeiro disco comercial na marca do cachorrinho Nipper. E esse foi o pontap\u00e9 inicial para in\u00fameros outros hits inesquec\u00edveis:\u201d Os quindins de Iai\u00e1\u201d, \u201cFalsa baiana\u201d, \u201cDeus me perdoe\u201d, \u201cOh! Seu Oscar\u201d, \u201cBot\u00f5es de laranjeira\u201d, \u201cBeija-me\u201d, \u201cA mulher que eu gosto\u201d, \u201cO bonde S\u00e3o Janu\u00e1rio\u201d, \u201cBoogie-woogie na favela\u201d, \u201cO que se leva dessa vida\u201d, \u201cEscurinho\u201d, \u201cQuatro loucos num samba\u201d, \u201cTem que rebolar\u201d (dueto com Mari\u00faza), e muitos, muitos mais.<\/div>\n<div>Cyro foi casado com a cantora Odete Amaral (\u201ca voz tropical do Brasil\u201d), com quem teve um filho, dela separando-se em 1949. Al\u00e9m da voz, do ritmo e da\u00a0\u00a0capacidade de modular e improvisar, ele tamb\u00e9m sabia fazer amigos, com seu calor humano e bondade infinitos. Em 1956, participou, como ator, da pe\u00e7a \u201cOrfeu da Concei\u00e7\u00e3o\u201d, de Vin\u00edcius de Moraes com m\u00fasica de Tom Jobim, interpretando o personagem Apolo. Na fase \u00e1urea da TV Record de S\u00e3o Paulo, era cadeira cativa no programa \u201cBossaudade\u201d, apresentado por Elizeth Cardoso.\u00a0\u00a0Gravou tamb\u00e9m v\u00e1rios LPs, o \u00faltimo deles ao lado de Jorge Veiga,\u00a0\u00a0em 1971, \u201cDe leve\u201d. Torcedor convicto do Flamengo, de quem torcedores de outros clubes tamb\u00e9m gostavam, certa vez mandou de presente para a rec\u00e9m-nascida filha de Chico Buarque e Marieta Severo, S\u00edlvia (hoje atriz), ent\u00e3o residentes na It\u00e1lia, uma camisa do Flamengo. Chico, que sempre torceu para o Fluminense, respondeu de forma bem-humorada com a m\u00fasica \u201cIlmo. Sr. Cyro Monteiro ou Receita para virar casaca de nen\u00e9m\u201d.<\/div>\n<div>Cyro Monteiro faleceu no dia 13 de julho de 1973, em seu Rio de Janeiro natal, aos 60 anos de idade. Seu corpo foi sepultado no Cemit\u00e9rio S\u00e3o Jo\u00e3o Batista, ao som do hino do Flamengo, cantado pela torcida jovem do clube, com o caix\u00e3o coberto com a bandeira do mesmo e tamb\u00e9m com a de sua escola de samba de cora\u00e7\u00e3o,\u00a0\u00a0a Mangueira.<\/div>\n<div>Come\u00e7amos, ent\u00e3o, a relembrar o grande \u201cFormig\u00e3o\u201d, apresentando\u00a0\u00a0treze joias de seu repert\u00f3rio, todas em grava\u00e7\u00f5es RCA Victor.\u00a0\u00a0A presente sele\u00e7\u00e3o inclui os primeiros sambas gravados do mestre N\u00e9lson Cavaquinho (1911-1986), lan\u00e7ados justamente por Cyro, a saber:\u00a0\u00a0\u201cApresenta-me aquela mulher\u201d (faixa 12), parceria com Augusto Garcez e G. de Oliveira, grava\u00e7\u00e3o de 25 de maio de 1943, lan\u00e7ada em setembro seguinte com o n.o 80-0107-B, matriz S-052779, \u201cN\u00e3o te d\u00f3i a consci\u00eancia\u201d (faixa 11), parceria de N\u00e9lson e Augusto Garcez com Ari Monteiro, tamb\u00e9m de 1943, gravada a 6 de julho com lan\u00e7amento em outubro sob n.o 80-0119-B, matriz S-052799, \u201cAquele bilhetinho\u2019 (faixa 6), tamb\u00e9m de N\u00e9lson e Garcez mais Arn\u00f4 Canegal, gravado em 13 de abril de 1945 e lan\u00e7ado em maio seguinte com o n.o\u00a0\u00a080-0282-A, matriz S-078154, e, por fim, o cl\u00e1ssico \u201cRugas\u201d (faixa 3), outra parceria do poeta N\u00e9lson com Augusto Garcez e Ari Monteiro, grava\u00e7\u00e3o de 21 de mar\u00e7o de 1946 lan\u00e7ada em maio seguinte com o n.o 80-0406-A, matriz S-078450. De Alvaiade (Oswaldo dos Santos, 1913-1981) Cyro nos apresenta quatro sambas: \u201cA saudade me devora\u201d (faixa de abertura desta sele\u00e7\u00e3o), parceria com Djalma Mafra, gravado em 25 de janeiro de 1945 e lan\u00e7ado em abril do mesmo ano com o n.o 80-0264-B, matriz S-078121, \u201cMeu trabalho\u201d (faixa 7), parceria com Alberto Maia, gravado em 17 de abril de 1947 e lan\u00e7ado em agosto seguinte com o n.o 80-0529-B, matriz S-078746, \u201cPensando no futuro\u201d (faixa 8), outra parceria de Alvaiade com Djalma Mafra, grava\u00e7\u00e3o de 10 de maio de 1944 lan\u00e7ada em julho do mesmo ano com o n.o 80-0193-B, matriz S-052961, e \u201cAlian\u00e7a de casada\u201d (faixa 10), outra parceria de Alvaiade com Alberto Maia, grava\u00e7\u00e3o de 17 de julho de 1946 lan\u00e7ada em outubro seguinte, disco 80-0456-A, matriz S-078563. Geraldo Pereira (1918-1955), que deu a Cyro Monteiro o cl\u00e1ssico \u201cFalsa baiana\u201d,\u00a0\u00a0aqui comparece com outros dois sambas, ambos em parceria com Augusto Garcez:\u00a0\u00a0\u201cAcabou a sopa\u201d (faixa 2), grava\u00e7\u00e3o de 11 de setembro de 1940 lan\u00e7ada em novembro do mesmo ano, disco 34671-B, matriz 33499, e \u201cEla n\u00e3o teve paci\u00eancia\u201d (faixa 4), gravado em 24 de junho de 1941 e lan\u00e7ado em setembro do mesmo ano sob n.o 34800-A, matriz S-052251. Djalma Mafra (c.1900-1974) tamb\u00e9m assina outras tr\u00eas composi\u00e7\u00f5es nesta sele\u00e7\u00e3o:\u00a0\u00a0o samba \u201cDomine a sua paix\u00e3o\u201d\u00a0\u00a0(faixa 5), parceria com Jo\u00e3o Bastos Filho, que o \u201cFormig\u00e3o\u201d grava na marca do cachorrinho Nipper em 10 de maio de 1943 com lan\u00e7amento em\u00a0\u00a0julho seguinte sob n.o 80-0098-A, matriz S-052770, a batucada \u201cTire a m\u00e3o do meu bolso\u201d (com Nicola Bruni, faixa 9), grava\u00e7\u00e3o de Cyro a 13 de dezembro de 1943 lan\u00e7ada bem em cima do carnaval de 44, em fevereiro, disco 80-0163-A, matriz S-052906, e a faixa de encerramento desta primeira parte, a marchinha \u201cOp op op\u201d, do carnaval de 1947, parceria com Ari Monteiro, grava\u00e7\u00e3o de 26 de outubro de 46 que a Victor lan\u00e7ar\u00e1 ainda em dezembro, sob n.o 80-0480-B, matriz S-078612. \u00c9 o que o GRB oferece com muito prazer e alegria para comemorar o centen\u00e1rio de nascimento do eterno \u201cFormig\u00e3o\u201d, com o compromisso de retornar com mais Cyro Monteiro na pr\u00f3xima semana. Encontro marcado!<\/div>\n<div><\/div>\n<div>. * Texto de SAMUEL MACHADO FILHO<\/div>\n","protected":false},"excerpt":{"rendered":"<p>Esta semana, em sua sexag\u00e9sima-sexta edi\u00e7\u00e3o, o Grand Record Brasil apresenta a primeira de duas partes de uma retrospectiva dedicada a um dos maiores cantores que o Brasil j\u00e1 teve, e cujo centen\u00e1rio de nascimento comemoramos neste 2013: Cyro Monteiro, &hellip; <a href=\"https:\/\/www.toque-musicall.com\/?p=3335\">Continue lendo <span class=\"meta-nav\">&rarr;<\/span><\/a><\/p>\n","protected":false},"author":1,"featured_media":0,"comment_status":"open","ping_status":"closed","sticky":false,"template":"","format":"standard","meta":{"footnotes":""},"categories":[226,11,13],"tags":[],"class_list":["post-3335","post","type-post","status-publish","format-standard","hentry","category-cyro-monteiro","category-exclusivos-do-toque-musical","category-selo-grand-record-brazil"],"_links":{"self":[{"href":"https:\/\/www.toque-musicall.com\/index.php?rest_route=\/wp\/v2\/posts\/3335","targetHints":{"allow":["GET"]}}],"collection":[{"href":"https:\/\/www.toque-musicall.com\/index.php?rest_route=\/wp\/v2\/posts"}],"about":[{"href":"https:\/\/www.toque-musicall.com\/index.php?rest_route=\/wp\/v2\/types\/post"}],"author":[{"embeddable":true,"href":"https:\/\/www.toque-musicall.com\/index.php?rest_route=\/wp\/v2\/users\/1"}],"replies":[{"embeddable":true,"href":"https:\/\/www.toque-musicall.com\/index.php?rest_route=%2Fwp%2Fv2%2Fcomments&post=3335"}],"version-history":[{"count":1,"href":"https:\/\/www.toque-musicall.com\/index.php?rest_route=\/wp\/v2\/posts\/3335\/revisions"}],"predecessor-version":[{"id":3336,"href":"https:\/\/www.toque-musicall.com\/index.php?rest_route=\/wp\/v2\/posts\/3335\/revisions\/3336"}],"wp:attachment":[{"href":"https:\/\/www.toque-musicall.com\/index.php?rest_route=%2Fwp%2Fv2%2Fmedia&parent=3335"}],"wp:term":[{"taxonomy":"category","embeddable":true,"href":"https:\/\/www.toque-musicall.com\/index.php?rest_route=%2Fwp%2Fv2%2Fcategories&post=3335"},{"taxonomy":"post_tag","embeddable":true,"href":"https:\/\/www.toque-musicall.com\/index.php?rest_route=%2Fwp%2Fv2%2Ftags&post=3335"}],"curies":[{"name":"wp","href":"https:\/\/api.w.org\/{rel}","templated":true}]}}