{"id":334,"date":"2011-09-06T09:32:00","date_gmt":"2011-09-06T09:32:00","guid":{"rendered":"http:\/\/www.toque-musicall.com\/?p=334"},"modified":"2011-09-06T09:32:00","modified_gmt":"2011-09-06T09:32:00","slug":"musica-na-corte-brasileira-vol-3-na-corte-de-d-pedro-i-1965","status":"publish","type":"post","link":"https:\/\/www.toque-musicall.com\/?p=334","title":{"rendered":"M\u00fasica Na Corte Brasileira Vol. 3 &#8211; Na Corte De D. Pedro I (1965)"},"content":{"rendered":"<div style=\"clear: both; text-align: center;\"><a href=\"http:\/\/4.bp.blogspot.com\/-bQzx6Y6iIz8\/TmXYj8S8aCI\/AAAAAAAAIR8\/mo-pmfvwrjM\/s1600\/folder.jpg\" style=\"margin-left: 1em; margin-right: 1em;\"><img loading=\"lazy\" decoding=\"async\" border=\"0\" height=\"398\" src=\"http:\/\/4.bp.blogspot.com\/-bQzx6Y6iIz8\/TmXYj8S8aCI\/AAAAAAAAIR8\/mo-pmfvwrjM\/s400\/folder.jpg\" width=\"400\" \/><\/a><\/div>\n<p>Muito bom dia aos amigos cultos e ocultos! O dia na verdade ainda nem nasceu, mas eu j\u00e1 estou aqui, desde as 2 da madruga. Dormir? Que bobagem! N\u00e3o preciso, n\u00e3o mere\u00e7o&#8230; sei l\u00e1&#8230; ins\u00f4nia&#8230; uma cabe\u00e7a cheia de problemas e outros pensamentos, que s\u00f3 mesmo neste momento consegue relaxar, pensando em coisas leves como a m\u00fasica. M\u00fasica, santo rem\u00e9dio! Se n\u00e3o fosse ela eu j\u00e1 tinha dado um tiro na cabe\u00e7a. Se n\u00e3o fossem esses 15 minutos de distra\u00e7\u00e3o&#8230; de fuga, sei l\u00e1&#8230; acho que j\u00e1 era&#8230; Desculpem, acho que comecei meio torto, irritado por conta da madrugada aceso. Logo eu estarei saindo para o trabalho e como sei que hoje o dia vai ser &#8216;punk&#8217; e sonolento, vou logo postando aqui o disquinho da ter\u00e7a feira. Hoje \u00e9 dia de m\u00fasica erudita \ud83d\ude42<br \/>Vamos seguir com mais um volume dessa maravilhosa s\u00e9rie &#8220;M\u00fasica Na Corte Brasileira&#8221;. Vamos agora para o volume 3 onde encontraremos a m\u00fasica feita na C\u00f4rte do Pr\u00edncipe Regente Dom Pedro I. Acredito que poucos devem saber que o nosso ilustr\u00edssimo Imperador era tamb\u00e9m um m\u00fasico e compositor. Eu mesmo desconhecia essa faceta de Dom Pedro I. Segundo o relato no texto da contracapa, ele estudou teoria, harmonia, composi\u00e7\u00e3o. Tocava diversos instrumentos musicais e ainda por cima, contam, tinha uma boa voz. Neste lp encontramos dele a &#8220;Abertura Independ\u00eancia&#8221;, originalmente chamada como &#8220;Sinfonia Para Grande Orquestra&#8221; e &#8220;Hino da Carta Constitucional&#8221;, que foi o Hino Nacional Portugu\u00eas at\u00e9 a Revolu\u00e7\u00e3o Republicana de 1910. Al\u00e9m de Dom Pedro compositor, encontraremos outras nomes, na verdade os mesmos que aparecem nos volumes anteriores, Padre Jos\u00e9 Maur\u00edcio, Sigismond Neukomm e Marcos Portugal. Ah, eu ia me esquecendo de Bernardo Jos\u00e9 de Souza Queiroz, um m\u00fasico portugu\u00eas que tamb\u00e9m teve seus momentos de gl\u00f3ria como mestre de m\u00fasica e compositor. Na contracapa do lp h\u00e1 mais informa\u00e7\u00f5es, principalmente sobre as obras apresentadas no disco. N\u00e3o deixem de conferir&#8230; \ud83d\ude09<\/p>\n<div style=\"text-align: center;\">abertura em r\u00e9 &#8211; jos\u00e9 maur\u00edcio<\/div>\n<div style=\"text-align: center;\">independ\u00eancia (abertura) &#8211; pedro I<\/div>\n<div style=\"text-align: center;\">o her\u00f3i (abertura)<\/div>\n<div style=\"text-align: center;\">kyrie e fugato da missa de 8 de dezembro &#8211; jos\u00e9 maur\u00edcio<\/div>\n<div style=\"text-align: center;\">cuidados, tristes cuidados &#8211; marcos portugal<\/div>\n<div style=\"text-align: center;\">hino da carta constitucional &#8211; pedro I<\/div>\n<div style=\"text-align: center;\">abertura em si bemol &#8211; bernardo jos\u00e9 de souza queiroz<\/div>\n","protected":false},"excerpt":{"rendered":"<p>Muito bom dia aos amigos cultos e ocultos! O dia na verdade ainda nem nasceu, mas eu j\u00e1 estou aqui, desde as 2 da madruga. Dormir? Que bobagem! N\u00e3o preciso, n\u00e3o mere\u00e7o&#8230; sei l\u00e1&#8230; ins\u00f4nia&#8230; uma cabe\u00e7a cheia de problemas &hellip; <a href=\"https:\/\/www.toque-musicall.com\/?p=334\">Continue lendo <span class=\"meta-nav\">&rarr;<\/span><\/a><\/p>\n","protected":false},"author":1,"featured_media":0,"comment_status":"open","ping_status":"closed","sticky":false,"template":"","format":"standard","meta":{"footnotes":""},"categories":[528,529],"tags":[],"class_list":["post-334","post","type-post","status-publish","format-standard","hentry","category-musica-na-corte-brasileira","category-selo-angel"],"_links":{"self":[{"href":"https:\/\/www.toque-musicall.com\/index.php?rest_route=\/wp\/v2\/posts\/334","targetHints":{"allow":["GET"]}}],"collection":[{"href":"https:\/\/www.toque-musicall.com\/index.php?rest_route=\/wp\/v2\/posts"}],"about":[{"href":"https:\/\/www.toque-musicall.com\/index.php?rest_route=\/wp\/v2\/types\/post"}],"author":[{"embeddable":true,"href":"https:\/\/www.toque-musicall.com\/index.php?rest_route=\/wp\/v2\/users\/1"}],"replies":[{"embeddable":true,"href":"https:\/\/www.toque-musicall.com\/index.php?rest_route=%2Fwp%2Fv2%2Fcomments&post=334"}],"version-history":[{"count":0,"href":"https:\/\/www.toque-musicall.com\/index.php?rest_route=\/wp\/v2\/posts\/334\/revisions"}],"wp:attachment":[{"href":"https:\/\/www.toque-musicall.com\/index.php?rest_route=%2Fwp%2Fv2%2Fmedia&parent=334"}],"wp:term":[{"taxonomy":"category","embeddable":true,"href":"https:\/\/www.toque-musicall.com\/index.php?rest_route=%2Fwp%2Fv2%2Fcategories&post=334"},{"taxonomy":"post_tag","embeddable":true,"href":"https:\/\/www.toque-musicall.com\/index.php?rest_route=%2Fwp%2Fv2%2Ftags&post=334"}],"curies":[{"name":"wp","href":"https:\/\/api.w.org\/{rel}","templated":true}]}}