{"id":335,"date":"2011-09-06T05:33:00","date_gmt":"2011-09-06T05:33:00","guid":{"rendered":"http:\/\/www.toque-musicall.com\/?p=335"},"modified":"2011-09-06T05:33:00","modified_gmt":"2011-09-06T05:33:00","slug":"elis-regina-e-jair-rodrigues-2-na-bossa-1965-repost","status":"publish","type":"post","link":"https:\/\/www.toque-musicall.com\/?p=335","title":{"rendered":"Elis Regina E Jair Rodrigues &#8211; 2 Na Bossa (1965) REPOST"},"content":{"rendered":"<p><a href=\"http:\/\/2.bp.blogspot.com\/_DSKVEvHtskc\/S0-xkCAEqQI\/AAAAAAAAGDA\/m-jVNDjnEjY\/s1600-h\/elis+e+jair+P.JPG\"><img decoding=\"async\" alt=\"\" border=\"0\" id=\"BLOGGER_PHOTO_ID_5426751308575320322\" src=\"http:\/\/2.bp.blogspot.com\/_DSKVEvHtskc\/S0-xkCAEqQI\/AAAAAAAAGDA\/m-jVNDjnEjY\/s400\/elis+e+jair+P.JPG\" style=\"cursor: hand; cursor: pointer; display: block; height: 390px; margin: 0px auto 10px; text-align: center; width: 400px;\" \/><\/a><a href=\"http:\/\/www.mediafire.com\/?z99ocnnu34k29cw\">O<\/a>l\u00e1 amigos! O dia hoje foi quente, em todos os sentidos desagrad\u00e1veis. Al\u00e9m do calor, do trabalho e do meu cansa\u00e7o, estou com problemas de doen\u00e7a na fam\u00edlia. Isso desestrutura qualquer qualquer um. Contudo, n\u00e3o faz parte dos nossos assuntos musicais. \u00c9 uma quest\u00e3o particular e aqui ela n\u00e3o vem ao caso. Espero apenas que esses problemas n\u00e3o venha a afetar nossa rotina di\u00e1ria de postagens. Estou comentando isso apenas para que voc\u00eas n\u00e3o fiquem no ar, caso aconte\u00e7a o inesperado e eu tenha que me ausentar por alguns dias. Como hoje eu n\u00e3o tive muito tempo, fui obrigado a recorrer aos meus &#8216;\u00e1lbuns de gaveta&#8217;, aqueles que est\u00e3o sempre prontos para as emerg\u00eancias. <\/p>\n<div>Vamos assim com este delicioso disco de Elis Regina e Jair Rodrigues. Um \u00e1lbum cl\u00e1ssico dos anos 60. Um encontro ao vivo de dois importantes int\u00e9rpretes da m\u00fasica popular brasileira. Este lp \u00e9 o resultado de um show promovido por Walter Silva no lend\u00e1rio Teatro Paramount nos dias 9, 10 e 11 de abril de 1965. Nele se apresentaram juntos Elis Regina, Jair Rodrigues e acompanhando, o Jongo Trio, formado por Cido Bianchi no piano, Sab\u00e1 no contrabaixo e Toninho Pinheiro na bateria. O projeto inicial era a apresenta\u00e7\u00e3o de Elis junto com o Wilson Simonal e o Zimbo Trio. Mas por quest\u00f5es contratuais e agendas eles acabaram n\u00e3o podendo participar. Outro que tamb\u00e9m foi chamado mas tamb\u00e9m n\u00e3o pode fazer parte do show era Baden Powell, que preferiu ir para a Alemanha. Ap\u00f3s assistir uma apresenta\u00e7\u00e3o de Jair Rodrigues, que na \u00e9poca fazia sucesso com a m\u00fasica &#8220;Deixe isso pr\u00e1 l\u00e1&#8221;, Elis n\u00e3o teve d\u00favidas de que seria ele o seu companheiro no show. Como \u00e9 not\u00f3rio, as apresenta\u00e7\u00f5es foram um grande sucesso e renderam aos artistas um contrato com a TV Record para um programa semanal e ao vivo, o famoso &#8220;O Fino da Bossa&#8221;, onde grandes nomes em in\u00edcio de carreira se apresentavam. Sucesso leva a mais sucesso. &#8220;2 na Bossa&#8221; valeu ainda para mais dois volumes nos anos seguintes. Falar de repert\u00f3rio nessa altura do campeonato \u00e9 bobagem. Todo mundo j\u00e1 conhece. Melhor mesmo \u00e9 ouvir \ud83d\ude09<\/div>\n<div><\/div>\n<div style=\"text-align: center;\">pot pourri de sambas<\/div>\n<div style=\"text-align: center;\">preciso aprender a ser s\u00f3<\/div>\n<div style=\"text-align: center;\">ziguezague<\/div>\n<div style=\"text-align: center;\">terra de ningu\u00e9m<\/div>\n<div style=\"text-align: center;\">arrast\u00e3o<\/div>\n<div style=\"text-align: center;\">reza<\/div>\n<div style=\"text-align: center;\">t\u00e1 engrossando<\/div>\n<div style=\"text-align: center;\">deus com a fam\u00edlia<\/div>\n<div style=\"text-align: center;\">u\u00e9<\/div>\n<div style=\"text-align: center;\">menino das laranjas<\/div>\n<div style=\"text-align: center;\"><\/div>\n<div style=\"text-align: center;\"><\/div>\n","protected":false},"excerpt":{"rendered":"<p>Ol\u00e1 amigos! O dia hoje foi quente, em todos os sentidos desagrad\u00e1veis. Al\u00e9m do calor, do trabalho e do meu cansa\u00e7o, estou com problemas de doen\u00e7a na fam\u00edlia. Isso desestrutura qualquer qualquer um. Contudo, n\u00e3o faz parte dos nossos assuntos &hellip; <a href=\"https:\/\/www.toque-musicall.com\/?p=335\">Continue lendo <span class=\"meta-nav\">&rarr;<\/span><\/a><\/p>\n","protected":false},"author":1,"featured_media":0,"comment_status":"open","ping_status":"closed","sticky":false,"template":"","format":"standard","meta":{"footnotes":""},"categories":[52,43,48],"tags":[],"class_list":["post-335","post","type-post","status-publish","format-standard","hentry","category-elis-regina","category-jair-rodrigues","category-selo-philips"],"_links":{"self":[{"href":"https:\/\/www.toque-musicall.com\/index.php?rest_route=\/wp\/v2\/posts\/335","targetHints":{"allow":["GET"]}}],"collection":[{"href":"https:\/\/www.toque-musicall.com\/index.php?rest_route=\/wp\/v2\/posts"}],"about":[{"href":"https:\/\/www.toque-musicall.com\/index.php?rest_route=\/wp\/v2\/types\/post"}],"author":[{"embeddable":true,"href":"https:\/\/www.toque-musicall.com\/index.php?rest_route=\/wp\/v2\/users\/1"}],"replies":[{"embeddable":true,"href":"https:\/\/www.toque-musicall.com\/index.php?rest_route=%2Fwp%2Fv2%2Fcomments&post=335"}],"version-history":[{"count":0,"href":"https:\/\/www.toque-musicall.com\/index.php?rest_route=\/wp\/v2\/posts\/335\/revisions"}],"wp:attachment":[{"href":"https:\/\/www.toque-musicall.com\/index.php?rest_route=%2Fwp%2Fv2%2Fmedia&parent=335"}],"wp:term":[{"taxonomy":"category","embeddable":true,"href":"https:\/\/www.toque-musicall.com\/index.php?rest_route=%2Fwp%2Fv2%2Fcategories&post=335"},{"taxonomy":"post_tag","embeddable":true,"href":"https:\/\/www.toque-musicall.com\/index.php?rest_route=%2Fwp%2Fv2%2Ftags&post=335"}],"curies":[{"name":"wp","href":"https:\/\/api.w.org\/{rel}","templated":true}]}}