{"id":3356,"date":"2013-09-03T08:44:51","date_gmt":"2013-09-03T11:44:51","guid":{"rendered":"http:\/\/www.toque-musicall.com\/?p=3356"},"modified":"2013-09-03T08:44:51","modified_gmt":"2013-09-03T11:44:51","slug":"cyro-monteiro-selecao-78-rpm-do-toque-musical-parte-2-vol-67-2013","status":"publish","type":"post","link":"https:\/\/www.toque-musicall.com\/?p=3356","title":{"rendered":"Cyro Monteiro &#8211; Sele\u00e7\u00e3o 78 RPM Do Toque Musical &#8211; parte 2 &#8211; Vol. 67 (2013)"},"content":{"rendered":"<p><img loading=\"lazy\" decoding=\"async\" class=\"aligncenter\" src=\"http:\/\/4.bp.blogspot.com\/-1cFg57fqe90\/UiXJxoW9_RI\/AAAAAAAAHZw\/jSVT8GHA-BU\/s640\/CAPA+P.JPG\" alt=\"\" width=\"640\" height=\"640\" \/><img loading=\"lazy\" decoding=\"async\" class=\"aligncenter\" src=\"http:\/\/3.bp.blogspot.com\/-TmgLkjl_M1o\/UiXJrbyAcgI\/AAAAAAAAHZo\/hR5yVyiXV9M\/s640\/contra.JPG\" alt=\"\" width=\"640\" height=\"640\" \/><\/p>\n<div>\u00a0\u201cUma criatura de qualidades t\u00e3o raras que eu acho improv\u00e1vel qualquer de seus amigos n\u00e3o se haver dito, num dia de humildade, que gostaria de ser Cyro Monteiro. Pois Cyro, pra l\u00e1 do cantor e do homem excepcional, \u00e9 um grande abra\u00e7o em toda a humanidade\u201d. Foi assim que o eterno Poetinha Vin\u00edcius de Moraes (1913-1980) se referiu ao \u201cFormig\u00e3o\u201d, ou ainda \u201co cantor das mil e uma f\u00e3s\u201d, na contracapa do LP \u201cSenhor samba\u201d, lan\u00e7ado em 1961 pela Columbia, hoje Sony Music.\u00a0\u00a0Coincidentemente, estamos comemorando neste 2013 o centen\u00e1rio de ambos, Vin\u00edcius e Cyro.<\/div>\n<div>E \u00e9 com muita alegria e prazer que o GRB traz a segunda parte da retrospectiva que iniciamos semana passada, em comemora\u00e7\u00e3o ao centen\u00e1rio do nascimento de Cyro Monteiro.\u00a0\u00a0Desta feita, apresentamos mais 16 preciosos e hist\u00f3ricos fonogramas, todos da RCA Victor,\u00a0\u00a0incluindo cl\u00e1ssicos de seu repert\u00f3rio, e por tabela, da pr\u00f3pria MPB.<\/div>\n<div>Pois, mais uma vez, Cyro est\u00e1 aqui muit\u00edssimo bem servido, apresentando composi\u00e7\u00f5es de alguns dos monstros sagrados do samba nessa \u00e9poca. Caso, por exemplo, de Wilson Batista (outro cujo centen\u00e1rio estamos comemorando neste 2013).\u00a0\u00a0Ele assina com mestre Ataulfo Alves de Mira\u00ed a faixa de abertura de nossa sele\u00e7\u00e3o da semana, \u201cVoc\u00ea \u00e9 o meu xod\u00f3\u201d, grava\u00e7\u00e3o de 5 de junho de 1941 lan\u00e7ada em agosto do mesmo ano, disco 34781-B, matriz S-052235. Temos em seguida \u201cVoc\u00ea est\u00e1 sumindo\u201d, de Geraldo Pereira\u00a0\u00a0(de quem Cyro foi ass\u00edduo fregu\u00eas) e Jorge de Castro, gravado em 2 de abril de 1943 e lan\u00e7ado em junho do mesmo ano sob n.o 80-0085-A, matriz S-052742. De Alcides Rosa e Djalma Mafra\u00a0\u00a0\u00e9 \u201cAbriu-se o pano\u201d, grava\u00e7\u00e3o de 22 de janeiro de 1946, lan\u00e7ada em abril seguinte com o n.o 80-0389-A, matriz S-078417. \u201cA mulher que eu gosto\u201d, de Wilson Batista e Cyro de Souza, \u00e9 um cl\u00e1ssico do repert\u00f3rio do \u201cFormig\u00e3o\u201d, que o imortalizou em 28 de mar\u00e7o de 1941, com lan\u00e7amento em junho desse ano sob n.o 34745-A, matriz 52164. Wilson assina depois, mais uma vez com mestre Ataulfo, \u201cMania da falecida\u201d,\u00a0\u00a0registro de 30 de maio de 1939, lan\u00e7ado em agosto com o n.o 34470-A, matriz 33077. Em seguida vem um cl\u00e1ssico dos cl\u00e1ssicos do samba brasileiro: \u201cFalsa baiana\u201d, obra-prima de Geraldo Pereira, em grava\u00e7\u00e3o de 3 de abril de 1944, lan\u00e7ada em junho seguinte sob n.o 80-0181-A, matriz S-052940. Obrigat\u00f3rio na lista dos maiores sambas de todos os tempos, foi inspirado na fantasia de baiana que a esposa do compositor Roberto Martins usava no carnaval do ano anterior, 1943. Ela n\u00e3o sabia sambar, e estava longe de ser uma baiana cem por cento. Foi o que levou Geraldo Pereira a fazer este cl\u00e1ssico, inicialmente oferecido a Roberto Paiva, que n\u00e3o quis grav\u00e1-lo, estranhando seu ritmo \u201cquebrado\u201d. Azar dele, porque com Cyro Monteiro estourou! Tem v\u00e1rias regrava\u00e7\u00f5es, inclusive de Jo\u00e3o Gilberto e Gal Costa. Geraldo assina, em parceria com Pr\u00edncipe Pretinho (autor de outro samba cl\u00e1ssico, \u201cS\u00f3 pra chatear\u201d), a faixa seguinte, \u201cVoltei\u00a0\u00a0mas era tarde\u201d, grava\u00e7\u00e3o do \u201cFormig\u00e3o\u201d em 13 de setembro de 1944 lan\u00e7ada em novembro seguinte com o n.o 80-0228-B, matriz S-078053. Outro grande nome do samba, Ismael Silva (1905-1978), respons\u00e1vel por cl\u00e1ssicos como \u201cSe voc\u00ea jurar\u201d, \u201cNovo amor\u201d, \u201cArrependido\u201d e \u201cAntonico\u201d, assina aqui \u201cN\u00e3o v\u00e1 atr\u00e1s de ningu\u00e9m\u201d, grava\u00e7\u00e3o de 3 de setembro de 1941, lan\u00e7ada em novembro desse ano com o n.o 34822-B, matriz S-052346. Ern\u00e2ni Alvarenga, conhecido como \u201co samba falado da Portela\u201d, assina com Jardel Noronha \u201cLinda Iai\u00e1\u201d, que o \u201cFormig\u00e3o\u201d ir\u00e1 imortalizar no dia 14 de agosto de 1940, e ser\u00e1 lan\u00e7ado em outubro do mesmo ano com o n.o 34666-A, matriz 33486. Cyro volta a interpretar Ismael Silva na pr\u00f3xima faixa, \u201cEu sou um\u201d, que, como exce\u00e7\u00e3o ao repert\u00f3rio essencialmente samb\u00edstico desta edi\u00e7\u00e3o, \u00e9 uma marchinha, visando o carnaval de 1940, grava\u00e7\u00e3o de 11 de outubro de 39 lan\u00e7ada ainda em dezembro, disco 34529-A, matriz 33184. Ainda no setor carnavalesco, e voltando ao samba, temos \u201cGolpe errado\u201d, do trio Geraldo Pereira-Crist\u00f3v\u00e3o de Alencar (o \u201camigo velho\u201d)-David Nasser, da folia momesca de 1946, gravado em 4 de novembro de 45 e editado bem em cima dos festejos, em fevereiro, sob n.o 80-0383-A, matriz S-078405. Em seguida outro inesquec\u00edvel cl\u00e1ssico da parceria Ataulfo Alves-Wilson Batista: \u201cO bonde S\u00e3o Janu\u00e1rio\u201d, hit absoluto no carnaval de 1941, gravado em 18 de outubro de 40 e lan\u00e7ado ainda em dezembro sob n.o\u00a0\u00a034691-A, matriz 52022. Foi inclusive o samba vencedor do concurso oficial de m\u00fasicas carnavalescas promovido pelo DIP (Departamento de Imprensa e Propaganda), da ditadura getulista, superando at\u00e9 mesmo \u201cAquarela do Brasil\u201d, de Ary Barroso, inscrito por motivos pol\u00edticos. At\u00e9 uma par\u00f3dia foi feita ironizando os torcedores do Vasco; \u201cO bonde S\u00e3o Janu\u00e1rio\/ leva um portugu\u00eas ot\u00e1rio\/ pra ver o Vasco apanhar\u201d&#8230;, Logo depois, Geraldo Pereira e Ari Monteiro assinam \u201cAi, m\u00e3ezinha\u201d, grava\u00e7\u00e3o de 28 de maio de 1946, lan\u00e7ada em setembro do mesmo ano com o n.o\u00a0\u00a080-0437-A, matriz S-078529. De Geraldo \u00e9 tamb\u00e9m, parceria com J. Portela, \u201cAt\u00e9 hoje n\u00e3o voltou\u201d, gravado por Cyro na mesma sess\u00e3o, matriz S-078530, sendo o lado B de \u201cAi, m\u00e3ezinha\u201d. Numa prova de que estava mesmo com a corda toda nessa \u00e9poca, Geraldo Pereira assina com Elp\u00eddio Viana outro cl\u00e1ssico do samba, \u201cPisei num despacho\u201d, que o \u201cFormig\u00e3o\u201d imortaliza em 17 de abril de 1947 com lan\u00e7amento em junho seguinte sob n.o 80-0518-A, matriz S-078745. \u00c9 outra pe\u00e7a que tem regrava\u00e7\u00f5es aos cachos, com destaque para as de Roberto Silva e Jackson do Pandeiro. E, para encerrar este aut\u00eantico show de cria\u00e7\u00f5es do grande Cyro Monteiro, Wilson Batista e Germano Augusto assinam \u201cT\u00e1 maluca\u201d, grava\u00e7\u00e3o de 10 de maio de 1940, lan\u00e7ada em julho com o n.o 34627-B, matriz 33428. Esta \u00e9 a just\u00edssima homenagem do GRB ao grande Cyro Monteiro, para sempre um monstro sagrado do samba e da m\u00fasica popular brasileira!<\/div>\n<div><\/div>\n<div>* Texto de SAMUEL MACHADO FILHO<\/div>\n","protected":false},"excerpt":{"rendered":"<p>\u00a0\u201cUma criatura de qualidades t\u00e3o raras que eu acho improv\u00e1vel qualquer de seus amigos n\u00e3o se haver dito, num dia de humildade, que gostaria de ser Cyro Monteiro. Pois Cyro, pra l\u00e1 do cantor e do homem excepcional, \u00e9 um &hellip; <a href=\"https:\/\/www.toque-musicall.com\/?p=3356\">Continue lendo <span class=\"meta-nav\">&rarr;<\/span><\/a><\/p>\n","protected":false},"author":1,"featured_media":0,"comment_status":"open","ping_status":"closed","sticky":false,"template":"","format":"standard","meta":{"footnotes":""},"categories":[226,11,13],"tags":[],"class_list":["post-3356","post","type-post","status-publish","format-standard","hentry","category-cyro-monteiro","category-exclusivos-do-toque-musical","category-selo-grand-record-brazil"],"_links":{"self":[{"href":"https:\/\/www.toque-musicall.com\/index.php?rest_route=\/wp\/v2\/posts\/3356","targetHints":{"allow":["GET"]}}],"collection":[{"href":"https:\/\/www.toque-musicall.com\/index.php?rest_route=\/wp\/v2\/posts"}],"about":[{"href":"https:\/\/www.toque-musicall.com\/index.php?rest_route=\/wp\/v2\/types\/post"}],"author":[{"embeddable":true,"href":"https:\/\/www.toque-musicall.com\/index.php?rest_route=\/wp\/v2\/users\/1"}],"replies":[{"embeddable":true,"href":"https:\/\/www.toque-musicall.com\/index.php?rest_route=%2Fwp%2Fv2%2Fcomments&post=3356"}],"version-history":[{"count":2,"href":"https:\/\/www.toque-musicall.com\/index.php?rest_route=\/wp\/v2\/posts\/3356\/revisions"}],"predecessor-version":[{"id":3358,"href":"https:\/\/www.toque-musicall.com\/index.php?rest_route=\/wp\/v2\/posts\/3356\/revisions\/3358"}],"wp:attachment":[{"href":"https:\/\/www.toque-musicall.com\/index.php?rest_route=%2Fwp%2Fv2%2Fmedia&parent=3356"}],"wp:term":[{"taxonomy":"category","embeddable":true,"href":"https:\/\/www.toque-musicall.com\/index.php?rest_route=%2Fwp%2Fv2%2Fcategories&post=3356"},{"taxonomy":"post_tag","embeddable":true,"href":"https:\/\/www.toque-musicall.com\/index.php?rest_route=%2Fwp%2Fv2%2Ftags&post=3356"}],"curies":[{"name":"wp","href":"https:\/\/api.w.org\/{rel}","templated":true}]}}