{"id":336,"date":"2011-09-05T19:52:00","date_gmt":"2011-09-05T19:52:00","guid":{"rendered":"http:\/\/www.toque-musicall.com\/?p=336"},"modified":"2011-09-05T19:52:00","modified_gmt":"2011-09-05T19:52:00","slug":"os-inocentes-trilha-original-da-novela-1974","status":"publish","type":"post","link":"https:\/\/www.toque-musicall.com\/?p=336","title":{"rendered":"Os Inocentes &#8211; Trilha Original Da Novela (1974)"},"content":{"rendered":"<div style=\"clear: both; text-align: center;\"><a href=\"http:\/\/2.bp.blogspot.com\/-mvlbU6phaCY\/TmUTuHCfs3I\/AAAAAAAAIR4\/4gszyKrQpHg\/s1600\/Os+Inocentes+P.JPG\" style=\"margin-left: 1em; margin-right: 1em;\"><img loading=\"lazy\" decoding=\"async\" border=\"0\" height=\"400\" src=\"http:\/\/2.bp.blogspot.com\/-mvlbU6phaCY\/TmUTuHCfs3I\/AAAAAAAAIR4\/4gszyKrQpHg\/s400\/Os+Inocentes+P.JPG\" width=\"398\" \/><\/a><\/div>\n<p>Boa tarde, amigos cultos e ocultos. Na medida do poss\u00edvel, eu vou aos poucos colocando as coisas no lugar. Ainda faltam muitas repostagens e o atendimento \u00e0s solicita\u00e7\u00f5es, infelizmente, podem demorar um pouco. Continuo pedindo a todos paci\u00eancia, ok?<br \/>Hoje \u00e9 segundona brava, dia que adotamos (at\u00e9 durarem os estoques) as postagens de trilhas, sejam elas de novelas, filmes ou pe\u00e7a teatral. Vamos com esta trilha j\u00e1 anunciada na semana passada, no coment\u00e1rios do &#8220;Beto Rockfeller&#8221;.<br \/>Temos aqui a trilha da novela &#8220;Os Inocentes&#8221;, que foi ao ar no ano de 1974, apresentada na extinta TV Tupi. A trilha desta novela, assim como outras daquela \u00e9poca \u00e9 composta de temas nacionais e internacionais. M\u00fasicas, geralmente, j\u00e1 conhecidas do p\u00fablico. Neste sentido, quem inovou foi mesmo a Rede Globo que nesta \u00e9poca produzia at\u00e9 a sua pr\u00f3pria m\u00fasica, atrav\u00e9s de seus compositores, cantores e maestros arranjadores. Um &#8216;cast&#8217; exclusivo, com muita gente boa. No caso da Tupi, ela apenas comprava o direito de usar fonogramas de outras gravadoras. Neste \u00e1lbum temos uma trilha muito interessante, tanto nos internacionais como (e principalmente) nos temas nacionais. Foram selecionados um n\u00famero igual de m\u00fasicas, mas o motivo que traz este disco ao Toque Musical, obviamente, s\u00e3o os nacionais. Seis m\u00fasicas que por si s\u00f3 j\u00e1 valem o disco.<br \/>Se n\u00e3o me engano, esta trilha chegou a ser relan\u00e7ada em formato digital h\u00e1 alguns anos atr\u00e1s. Vamos ouvir?<\/p>\n<div style=\"text-align: center;\"><\/div>\n<div style=\"text-align: center;\">abertura &#8211; john barry-moore<\/div>\n<div style=\"text-align: center;\">believe me darling &#8211; pete dunaway<\/div>\n<div style=\"text-align: center;\">de amor eu morrerei &#8211; gal costa<\/div>\n<div style=\"text-align: center;\">believe me darling &#8211; john barry-moore<\/div>\n<div style=\"text-align: center;\">tema para juliana &#8211; mathuzal\u00e9m<\/div>\n<div style=\"text-align: center;\">just fancy that &#8211; gary glitter<\/div>\n<div style=\"text-align: center;\">porque te amo &#8211; celso ricardi<\/div>\n<div style=\"text-align: center;\">let&#8217;s try again &#8211; cynthia<\/div>\n<div style=\"text-align: center;\">at\u00e9 quem sabe &#8211; z\u00e9luiz<\/div>\n<div style=\"text-align: center;\">love isin motion &#8211; stories<\/div>\n<div style=\"text-align: center;\">as coisas que eu gosto &#8211; renato teixeira<\/div>\n<div style=\"text-align: center;\">can\u00e7\u00e3o da primavera &#8211; geraldo vandr\u00e9<\/div>\n","protected":false},"excerpt":{"rendered":"<p>Boa tarde, amigos cultos e ocultos. Na medida do poss\u00edvel, eu vou aos poucos colocando as coisas no lugar. Ainda faltam muitas repostagens e o atendimento \u00e0s solicita\u00e7\u00f5es, infelizmente, podem demorar um pouco. Continuo pedindo a todos paci\u00eancia, ok?Hoje \u00e9 &hellip; <a href=\"https:\/\/www.toque-musicall.com\/?p=336\">Continue lendo <span class=\"meta-nav\">&rarr;<\/span><\/a><\/p>\n","protected":false},"author":1,"featured_media":0,"comment_status":"open","ping_status":"closed","sticky":false,"template":"","format":"standard","meta":{"footnotes":""},"categories":[557,556,346],"tags":[],"class_list":["post-336","post","type-post","status-publish","format-standard","hentry","category-novela-os-inocentes","category-selo-mercury","category-trilhas"],"_links":{"self":[{"href":"https:\/\/www.toque-musicall.com\/index.php?rest_route=\/wp\/v2\/posts\/336","targetHints":{"allow":["GET"]}}],"collection":[{"href":"https:\/\/www.toque-musicall.com\/index.php?rest_route=\/wp\/v2\/posts"}],"about":[{"href":"https:\/\/www.toque-musicall.com\/index.php?rest_route=\/wp\/v2\/types\/post"}],"author":[{"embeddable":true,"href":"https:\/\/www.toque-musicall.com\/index.php?rest_route=\/wp\/v2\/users\/1"}],"replies":[{"embeddable":true,"href":"https:\/\/www.toque-musicall.com\/index.php?rest_route=%2Fwp%2Fv2%2Fcomments&post=336"}],"version-history":[{"count":0,"href":"https:\/\/www.toque-musicall.com\/index.php?rest_route=\/wp\/v2\/posts\/336\/revisions"}],"wp:attachment":[{"href":"https:\/\/www.toque-musicall.com\/index.php?rest_route=%2Fwp%2Fv2%2Fmedia&parent=336"}],"wp:term":[{"taxonomy":"category","embeddable":true,"href":"https:\/\/www.toque-musicall.com\/index.php?rest_route=%2Fwp%2Fv2%2Fcategories&post=336"},{"taxonomy":"post_tag","embeddable":true,"href":"https:\/\/www.toque-musicall.com\/index.php?rest_route=%2Fwp%2Fv2%2Ftags&post=336"}],"curies":[{"name":"wp","href":"https:\/\/api.w.org\/{rel}","templated":true}]}}