{"id":3362,"date":"2013-09-04T21:38:24","date_gmt":"2013-09-05T00:38:24","guid":{"rendered":"http:\/\/www.toque-musicall.com\/?p=3362"},"modified":"2013-09-04T21:38:24","modified_gmt":"2013-09-05T00:38:24","slug":"luiz-claudio-e-outro-assuntos","status":"publish","type":"post","link":"https:\/\/www.toque-musicall.com\/?p=3362","title":{"rendered":"Luiz Cl\u00e1udio E Outro Assuntos"},"content":{"rendered":"<p><img loading=\"lazy\" decoding=\"async\" class=\"aligncenter\" alt=\"\" src=\"http:\/\/2.bp.blogspot.com\/--FnmI9XAZFo\/UifDu4iy_yI\/AAAAAAAAHaE\/qc1Qm_Q0lfs\/s640\/lUIZ+cLAUDIO+f.jpg\" width=\"635\" height=\"640\" \/><\/p>\n<p>Boa noite, amigos cultos e ocultos! Hoje n\u00f3s teremos uma postagem diferente. Quero deixar aqui uma homenagem ao cantor e compositor mineiro Luiz Cl\u00e1udio, &#8220;a voz de veludo&#8221;, que veio a falecer no \u00faltimo dia 30 de agosto. Para meu espanto, n\u00e3o vi e nem ouvi nenhuma repercuss\u00e3o do fato na m\u00eddia. O falecimento do artista passou meio que batido. Parece que n\u00e3o deram muita bola para aquele que foi um dos maiores cantores do Brasil. Cantor, compositor e artista pl\u00e1stico, diga-se de passagem. Aqui no Toque Musical n\u00f3s postamos uma boa parte da sua discografia. Como no momento n\u00e3o tenho nenhum outro disco dele para postar, resolvi pelo menos reativar todos os &#8216;toques&#8217; publicados aqui. Assim, fiquem os amigos sabendo que os discos j\u00e1 est\u00e3o l\u00e1, no GTM, ok? Valeu, Luiz Cl\u00e1udio! Aqui voc\u00ea ser\u00e1 sempre lembrado!<br \/>\nOutro assunto a tratar \u00e9 esse nosso espa\u00e7o, o blog\/site Toque Musical. Estou tendo problemas com a atualiza\u00e7\u00e3o da plataforma WordPress junto ao meu provedor de hospedagem. Eles precisam atualizar suas m\u00e1quinas e programa\u00e7\u00e3o e ao que parece, na forma em que est\u00e1, o TM \u00e9 incompat\u00edvel, n\u00e3o funcionando integralmente. Dentro das pr\u00f3ximas 48 horas o blog pode ficar fora do ar. Para que voc\u00eas n\u00e3o percam as postagens, a coisa continuar\u00e1 rolando normalmente em nossa vers\u00e3o pelo Blogger. As postagens continuaram acontecendo diariamente. Qualquer d\u00favida, estamos tamb\u00e9m no facebook. Chega mais.. \ud83d\ude42<\/p>\n","protected":false},"excerpt":{"rendered":"<p>Boa noite, amigos cultos e ocultos! Hoje n\u00f3s teremos uma postagem diferente. Quero deixar aqui uma homenagem ao cantor e compositor mineiro Luiz Cl\u00e1udio, &#8220;a voz de veludo&#8221;, que veio a falecer no \u00faltimo dia 30 de agosto. Para meu &hellip; <a href=\"https:\/\/www.toque-musicall.com\/?p=3362\">Continue lendo <span class=\"meta-nav\">&rarr;<\/span><\/a><\/p>\n","protected":false},"author":1,"featured_media":0,"comment_status":"open","ping_status":"closed","sticky":false,"template":"","format":"standard","meta":{"footnotes":""},"categories":[511],"tags":[],"class_list":["post-3362","post","type-post","status-publish","format-standard","hentry","category-luiz-claudio"],"_links":{"self":[{"href":"https:\/\/www.toque-musicall.com\/index.php?rest_route=\/wp\/v2\/posts\/3362","targetHints":{"allow":["GET"]}}],"collection":[{"href":"https:\/\/www.toque-musicall.com\/index.php?rest_route=\/wp\/v2\/posts"}],"about":[{"href":"https:\/\/www.toque-musicall.com\/index.php?rest_route=\/wp\/v2\/types\/post"}],"author":[{"embeddable":true,"href":"https:\/\/www.toque-musicall.com\/index.php?rest_route=\/wp\/v2\/users\/1"}],"replies":[{"embeddable":true,"href":"https:\/\/www.toque-musicall.com\/index.php?rest_route=%2Fwp%2Fv2%2Fcomments&post=3362"}],"version-history":[{"count":1,"href":"https:\/\/www.toque-musicall.com\/index.php?rest_route=\/wp\/v2\/posts\/3362\/revisions"}],"predecessor-version":[{"id":3364,"href":"https:\/\/www.toque-musicall.com\/index.php?rest_route=\/wp\/v2\/posts\/3362\/revisions\/3364"}],"wp:attachment":[{"href":"https:\/\/www.toque-musicall.com\/index.php?rest_route=%2Fwp%2Fv2%2Fmedia&parent=3362"}],"wp:term":[{"taxonomy":"category","embeddable":true,"href":"https:\/\/www.toque-musicall.com\/index.php?rest_route=%2Fwp%2Fv2%2Fcategories&post=3362"},{"taxonomy":"post_tag","embeddable":true,"href":"https:\/\/www.toque-musicall.com\/index.php?rest_route=%2Fwp%2Fv2%2Ftags&post=3362"}],"curies":[{"name":"wp","href":"https:\/\/api.w.org\/{rel}","templated":true}]}}