{"id":3367,"date":"2013-09-06T23:48:38","date_gmt":"2013-09-07T02:48:38","guid":{"rendered":"http:\/\/www.toque-musicall.com\/?p=3367"},"modified":"2013-09-06T23:48:38","modified_gmt":"2013-09-07T02:48:38","slug":"charme-faces-um-plano-2002","status":"publish","type":"post","link":"https:\/\/www.toque-musicall.com\/?p=3367","title":{"rendered":"Charme Faces &#8211; Um Plano (2002)"},"content":{"rendered":"<p><img loading=\"lazy\" decoding=\"async\" class=\"aligncenter\" alt=\"\" src=\"http:\/\/2.bp.blogspot.com\/-yA5HiHJrGgk\/UiqFAbVQrFI\/AAAAAAAAHac\/45FcDoxMijI\/s640\/capaP.JPG\" width=\"640\" height=\"630\" \/><img loading=\"lazy\" decoding=\"async\" class=\"aligncenter\" alt=\"\" src=\"http:\/\/2.bp.blogspot.com\/-IBv1SQR7VB8\/UiqE7iDNI8I\/AAAAAAAAHaU\/QVeYnpu2hCE\/s640\/contra.JPG\" width=\"636\" height=\"640\" \/><\/p>\n<p>Boa noite, amigos cultos e ocultos! Finalmente \u00e9 sexta-feira! Mesmo estando eu um tanto &#8216;pitimbado&#8217;, cheio de dores, como cabe a todo cidad\u00e3o na &#8216;idade do condor&#8217;. Foi por estar meio mal que n\u00e3o tive \u00e2nimo para postar nesses \u00faltimos dois dias. Hoje me sinto um pouco mais animado, a ponto de curtir uma balada (mas regada a \u00e1gua mineral) e de quebra ainda botar um som para todo mundo dan\u00e7ar. Oha ele a\u00ed&#8230;<br \/>\nNo in\u00edcio do ano estive em S\u00e3o Paulo e por l\u00e1 comprei, numa garimpada pelos sebos do Centro, uma s\u00e9rie de curiosidades musicais, discos que me chamaram a aten\u00e7\u00e3o. Produ\u00e7\u00f5es nacionais, claro, mas espec\u00edficamente da terra da gar\u00f4a. G\u00eaneros dos mais variados. Fico impressionado de ver essas produ\u00e7oes independentes, coisas que parecem circular apenas na pr\u00f3pria cidade, ou para um grupo muito espec\u00edfico. \u00c9 o caso deste \u00e1lbum (duplo!) do trio &#8220;Charme Faces&#8221;, um grupo de rap muito bem arranjado. Os &#8216;manos&#8217; fazem um som bem gostoso, um batido contagiante, que leva qualquer um \u00a0no clima. Claro, \u00e9 m\u00fasica puramente americana, &#8216;black music&#8217;, um estilo conhecido do &#8216;charme&#8217;, que agrada com facilidade. O que pega \u00e9 a qualidade dos &#8216;raps&#8217;, as letras s\u00e3o fraquinhas, somadas a um vocal t\u00edpico de paulista suburbano que puxa o &#8216;erre&#8217;. Mas no mais, o disco \u00e9 bem interessante de se ouvir, seja com esses ou com outros olhos. Infelizmente eu n\u00e3o tenho nenhuma informa\u00e7\u00e3o do grupo. Pelo Google tamb\u00e9m n\u00e3o encontramos muita coisa al\u00e9m das pr\u00f3prias m\u00fasicas. O Charme Faces, pelo pouco que pude ver \u00e9 uma trio muito bem conceituado do rap, inclusive internacional. A m\u00fasica &#8220;Sexta feira&#8221; \u00e9 um dos seus hits mais conhecidos. Ta\u00ed uma boa raz\u00e3o para essa apresenta\u00e7\u00e3o. Hoje \u00e9 sexta feira!<\/p>\n<div style=\"text-align: center;\">vinheta<\/div>\n<div style=\"text-align: center;\">sexta feira<\/div>\n<div style=\"text-align: center;\">te amo demais<\/div>\n<div style=\"text-align: center;\">seu corpo<\/div>\n<div style=\"text-align: center;\">sexta feira (intrumental)<\/div>\n<div style=\"text-align: center;\">a cruz<\/div>\n<div style=\"text-align: center;\">minha hora chegou<\/div>\n<div style=\"text-align: center;\">cansei do seu amor<\/div>\n<div style=\"text-align: center;\">um plano<\/div>\n<div style=\"text-align: center;\">ficar sem ningu\u00e9m<\/div>\n<div style=\"text-align: center;\">puro desejo<\/div>\n<div style=\"text-align: center;\">rainha da pista<\/div>\n<div style=\"text-align: center;\">esque\u00e7a do passado<\/div>\n<div style=\"text-align: center;\">vinheta outra chance<\/div>\n<div style=\"text-align: center;\">outra chance<\/div>\n<div style=\"text-align: center;\">te amo demais (instrumental)<\/div>\n<div style=\"text-align: center;\"><\/div>\n<div style=\"text-align: center;\">.<\/div>\n","protected":false},"excerpt":{"rendered":"<p>Boa noite, amigos cultos e ocultos! Finalmente \u00e9 sexta-feira! Mesmo estando eu um tanto &#8216;pitimbado&#8217;, cheio de dores, como cabe a todo cidad\u00e3o na &#8216;idade do condor&#8217;. Foi por estar meio mal que n\u00e3o tive \u00e2nimo para postar nesses \u00faltimos &hellip; <a href=\"https:\/\/www.toque-musicall.com\/?p=3367\">Continue lendo <span class=\"meta-nav\">&rarr;<\/span><\/a><\/p>\n","protected":false},"author":1,"featured_media":0,"comment_status":"open","ping_status":"closed","sticky":false,"template":"","format":"standard","meta":{"footnotes":""},"categories":[2232,25],"tags":[],"class_list":["post-3367","post","type-post","status-publish","format-standard","hentry","category-charme-faces","category-selo-independente"],"_links":{"self":[{"href":"https:\/\/www.toque-musicall.com\/index.php?rest_route=\/wp\/v2\/posts\/3367","targetHints":{"allow":["GET"]}}],"collection":[{"href":"https:\/\/www.toque-musicall.com\/index.php?rest_route=\/wp\/v2\/posts"}],"about":[{"href":"https:\/\/www.toque-musicall.com\/index.php?rest_route=\/wp\/v2\/types\/post"}],"author":[{"embeddable":true,"href":"https:\/\/www.toque-musicall.com\/index.php?rest_route=\/wp\/v2\/users\/1"}],"replies":[{"embeddable":true,"href":"https:\/\/www.toque-musicall.com\/index.php?rest_route=%2Fwp%2Fv2%2Fcomments&post=3367"}],"version-history":[{"count":2,"href":"https:\/\/www.toque-musicall.com\/index.php?rest_route=\/wp\/v2\/posts\/3367\/revisions"}],"predecessor-version":[{"id":3371,"href":"https:\/\/www.toque-musicall.com\/index.php?rest_route=\/wp\/v2\/posts\/3367\/revisions\/3371"}],"wp:attachment":[{"href":"https:\/\/www.toque-musicall.com\/index.php?rest_route=%2Fwp%2Fv2%2Fmedia&parent=3367"}],"wp:term":[{"taxonomy":"category","embeddable":true,"href":"https:\/\/www.toque-musicall.com\/index.php?rest_route=%2Fwp%2Fv2%2Fcategories&post=3367"},{"taxonomy":"post_tag","embeddable":true,"href":"https:\/\/www.toque-musicall.com\/index.php?rest_route=%2Fwp%2Fv2%2Ftags&post=3367"}],"curies":[{"name":"wp","href":"https:\/\/api.w.org\/{rel}","templated":true}]}}