{"id":337,"date":"2011-09-05T18:20:00","date_gmt":"2011-09-05T18:20:00","guid":{"rendered":"http:\/\/www.toque-musicall.com\/?p=337"},"modified":"2011-09-05T18:20:00","modified_gmt":"2011-09-05T18:20:00","slug":"pena-branca-xavantinho-uma-dupla-brasileira-1988-repost","status":"publish","type":"post","link":"https:\/\/www.toque-musicall.com\/?p=337","title":{"rendered":"Pena Branca &#038; Xavantinho &#8211; Uma Dupla Brasileira (1988) REPOST"},"content":{"rendered":"<p><a href=\"http:\/\/3.bp.blogspot.com\/_DSKVEvHtskc\/S30Rx76wE1I\/AAAAAAAAGNU\/QnRvlvnsYEg\/s1600-h\/Pena+Branca+&#038;+Xavantinho+-+Uma+dupla+brasileira+P.JPG\"><img decoding=\"async\" alt=\"\" border=\"0\" id=\"BLOGGER_PHOTO_ID_5439523474528801618\" src=\"http:\/\/3.bp.blogspot.com\/_DSKVEvHtskc\/S30Rx76wE1I\/AAAAAAAAGNU\/QnRvlvnsYEg\/s400\/Pena+Branca+&#038;+Xavantinho+-+Uma+dupla+brasileira+P.JPG\" style=\"display: block; height: 400px; margin: 0px auto 10px; text-align: center; width: 399px;\" \/><\/a><a href=\"http:\/\/www.mediafire.com\/?1iy659m15rxjtrm\">A<\/a>proveito o momento para tamb\u00e9m homenagear ao artista Pena Branca, falecido a pouco mais de uma semana. Infelizmente as postagens de carnaval desviaram a minha aten\u00e7\u00e3o, mas mesmo passados alguns dias, venho aqui trazer minha lembran\u00e7a. A m\u00fasica caipira, aut\u00eantica m\u00fasica sertaneja, perde mais uma voz. Mais um canto verdadeiro que se cala. Cabe agora a n\u00f3s, amantes da boa m\u00fasica, manter acesa esta chama. N\u00e3o \u00e9 a saudade que d\u00f3i e sim o vazio que fica. Relembrar \u00e9 reviver!<\/p>\n<div align=\"center\">mem\u00f3ria de carreiro<\/div>\n<div align=\"center\">sem meu adeus<\/div>\n<div align=\"center\">prociss\u00e3o de gado<\/div>\n<div align=\"center\">o bal\u00e3o subiu<\/div>\n<div align=\"center\">bate na viola<\/div>\n<div align=\"center\">cai sereno<\/div>\n<div align=\"center\">roda mundo<\/div>\n<div align=\"center\">can\u00e7\u00e3o \u00e0 morena da praia<\/div>\n<div align=\"center\">marvada pinga<\/div>\n<div align=\"center\">saracurinha tr\u00eas potes<\/div>\n<div align=\"center\">e a mata gemeu<\/div>\n<div align=\"center\">tirando a\u00e7o do ch\u00e3o<\/div>\n<div align=\"center\"><\/div>\n<div align=\"center\"><\/div>\n","protected":false},"excerpt":{"rendered":"<p>Aproveito o momento para tamb\u00e9m homenagear ao artista Pena Branca, falecido a pouco mais de uma semana. Infelizmente as postagens de carnaval desviaram a minha aten\u00e7\u00e3o, mas mesmo passados alguns dias, venho aqui trazer minha lembran\u00e7a. A m\u00fasica caipira, aut\u00eantica &hellip; <a href=\"https:\/\/www.toque-musicall.com\/?p=337\">Continue lendo <span class=\"meta-nav\">&rarr;<\/span><\/a><\/p>\n","protected":false},"author":1,"featured_media":0,"comment_status":"open","ping_status":"closed","sticky":false,"template":"","format":"standard","meta":{"footnotes":""},"categories":[558,153],"tags":[],"class_list":["post-337","post","type-post","status-publish","format-standard","hentry","category-pena-branca-e-xavantinho","category-selo-rge"],"_links":{"self":[{"href":"https:\/\/www.toque-musicall.com\/index.php?rest_route=\/wp\/v2\/posts\/337","targetHints":{"allow":["GET"]}}],"collection":[{"href":"https:\/\/www.toque-musicall.com\/index.php?rest_route=\/wp\/v2\/posts"}],"about":[{"href":"https:\/\/www.toque-musicall.com\/index.php?rest_route=\/wp\/v2\/types\/post"}],"author":[{"embeddable":true,"href":"https:\/\/www.toque-musicall.com\/index.php?rest_route=\/wp\/v2\/users\/1"}],"replies":[{"embeddable":true,"href":"https:\/\/www.toque-musicall.com\/index.php?rest_route=%2Fwp%2Fv2%2Fcomments&post=337"}],"version-history":[{"count":0,"href":"https:\/\/www.toque-musicall.com\/index.php?rest_route=\/wp\/v2\/posts\/337\/revisions"}],"wp:attachment":[{"href":"https:\/\/www.toque-musicall.com\/index.php?rest_route=%2Fwp%2Fv2%2Fmedia&parent=337"}],"wp:term":[{"taxonomy":"category","embeddable":true,"href":"https:\/\/www.toque-musicall.com\/index.php?rest_route=%2Fwp%2Fv2%2Fcategories&post=337"},{"taxonomy":"post_tag","embeddable":true,"href":"https:\/\/www.toque-musicall.com\/index.php?rest_route=%2Fwp%2Fv2%2Ftags&post=337"}],"curies":[{"name":"wp","href":"https:\/\/api.w.org\/{rel}","templated":true}]}}