{"id":338,"date":"2011-09-05T10:42:00","date_gmt":"2011-09-05T10:42:00","guid":{"rendered":"http:\/\/www.toque-musicall.com\/?p=338"},"modified":"2011-09-05T10:42:00","modified_gmt":"2011-09-05T10:42:00","slug":"duo-kaplan-parente-pianos-brasileiro-a-4-maos-1977","status":"publish","type":"post","link":"https:\/\/www.toque-musicall.com\/?p=338","title":{"rendered":"Duo Kaplan-Parente &#8211; Pianos Brasileiro A 4 M\u00e3os (1977)"},"content":{"rendered":"<div style=\"clear: both; text-align: center;\"><a href=\"http:\/\/1.bp.blogspot.com\/-DJ4Z77ZYSBI\/TmSnUbP0sOI\/AAAAAAAAIR0\/PwWA2W8jLDs\/s1600\/piano+P.JPG\" style=\"margin-left: 1em; margin-right: 1em;\"><img loading=\"lazy\" decoding=\"async\" border=\"0\" height=\"398\" src=\"http:\/\/1.bp.blogspot.com\/-DJ4Z77ZYSBI\/TmSnUbP0sOI\/AAAAAAAAIR0\/PwWA2W8jLDs\/s400\/piano+P.JPG\" width=\"400\" \/><\/a><\/div>\n<p>Boa noite, amigos cultos e ocultos. Aos poucos iremos regularizando a nossa situa\u00e7\u00e3o. A todos, eu pe\u00e7o um pouco de paci\u00eancia nas solicita\u00e7\u00f5es. Pode at\u00e9 tardar, mas n\u00e3o ir\u00e1 faltar \ud83d\ude09<br \/>Hoje tamb\u00e9m eu tardei. J\u00e1 \u00e9 quase meia noite e s\u00f3 agora eu consegui chegar para a postagem do dia. Vamos l\u00e1&#8230; Trago hoje para voc\u00eas um disco do selo \u00a0Marcus Pereira, um \u00e1lbum que eu ainda n\u00e3o vi nas bocas e nem em outras fontes. Assim sendo, vamos desfrut\u00e1-lo com gosto \ud83d\ude42<br \/>Temos aqui o &#8220;Duo Kaplan-Parente&#8221;, formado pelos pianistas Jos\u00e9 Alberto Kaplan e Geraldo Parente, dois nomes de peso da m\u00fasica erudita brasileira. Kaplan, na verdade era argentino, naturalizado brasileiro, morava na Para\u00edba, onde era, entre outras coisas, professor na UFPB e UFRN. Geraldo Parente, cearense, tamb\u00e9m foi professor nessas duas entidades universit\u00e1rias. O duo foi formado em 1972, tinha como objetivo divulgar o repert\u00f3rio do piano brasileiro, aqui no caso, a quatro m\u00e3os. Fizeram muito sucesso, mais exatamente fora do Brasil. Segundo conta o pr\u00f3prio Marcus Pereira em seu texto na contracapa. A dupla se apresentou nos Estados Unidos, levando ao p\u00fablico os lundus, dobrados, polcas, serestas e as modinhas, tudo tocado maravilhosamente a quatro m\u00e3os.<br \/>Neste \u00e1lbum, que traz tudo isso, o produtor ainda acrescenta a sua gratid\u00e3o aos dois m\u00fasicos que tamb\u00e9m foram seus professores. Curioso&#8230; eu n\u00e3o me lembrava que o Marcus Pereira fosse m\u00fasico&#8230;<\/p>\n<div style=\"text-align: center;\">lundu<\/div>\n<div style=\"text-align: center;\">duas modinhas: azul\u00e3o e casinha pequenina<\/div>\n<div style=\"text-align: center;\">duas miniaturas: cirandinha e polka antiga<\/div>\n<div style=\"text-align: center;\">seresta opus um<\/div>\n<div style=\"text-align: center;\">brasiliana n\u00ba 4 &#8211; dobrado, embolada, seresta e candombl\u00e9<\/div>\n<div style=\"text-align: center;\">sarau de sinh\u00e1:<\/div>\n<div style=\"text-align: center;\">schottish<\/div>\n<div style=\"text-align: center;\">polca<\/div>\n<div style=\"text-align: center;\">romance<\/div>\n<div style=\"text-align: center;\">contradan\u00e7a<\/div>\n<div style=\"text-align: center;\">valsa<\/div>\n<div style=\"text-align: center;\">noturno<\/div>\n<div style=\"text-align: center;\">capricho<\/div>\n<div style=\"text-align: center;\">lundu<\/div>\n<div style=\"text-align: center;\">recitativo<\/div>\n<div style=\"text-align: center;\">galope<\/div>\n<div style=\"text-align: center;\"><\/div>\n<div style=\"text-align: center;\"><\/div>\n","protected":false},"excerpt":{"rendered":"<p>Boa noite, amigos cultos e ocultos. Aos poucos iremos regularizando a nossa situa\u00e7\u00e3o. A todos, eu pe\u00e7o um pouco de paci\u00eancia nas solicita\u00e7\u00f5es. Pode at\u00e9 tardar, mas n\u00e3o ir\u00e1 faltar \ud83d\ude09Hoje tamb\u00e9m eu tardei. J\u00e1 \u00e9 quase meia noite e &hellip; <a href=\"https:\/\/www.toque-musicall.com\/?p=338\">Continue lendo <span class=\"meta-nav\">&rarr;<\/span><\/a><\/p>\n","protected":false},"author":1,"featured_media":0,"comment_status":"open","ping_status":"closed","sticky":false,"template":"","format":"standard","meta":{"footnotes":""},"categories":[560,559,130],"tags":[],"class_list":["post-338","post","type-post","status-publish","format-standard","hentry","category-16-selecoes-de-musica-internacional","category-duo-kaplan-parente","category-selo-marcus-pereira"],"_links":{"self":[{"href":"https:\/\/www.toque-musicall.com\/index.php?rest_route=\/wp\/v2\/posts\/338","targetHints":{"allow":["GET"]}}],"collection":[{"href":"https:\/\/www.toque-musicall.com\/index.php?rest_route=\/wp\/v2\/posts"}],"about":[{"href":"https:\/\/www.toque-musicall.com\/index.php?rest_route=\/wp\/v2\/types\/post"}],"author":[{"embeddable":true,"href":"https:\/\/www.toque-musicall.com\/index.php?rest_route=\/wp\/v2\/users\/1"}],"replies":[{"embeddable":true,"href":"https:\/\/www.toque-musicall.com\/index.php?rest_route=%2Fwp%2Fv2%2Fcomments&post=338"}],"version-history":[{"count":0,"href":"https:\/\/www.toque-musicall.com\/index.php?rest_route=\/wp\/v2\/posts\/338\/revisions"}],"wp:attachment":[{"href":"https:\/\/www.toque-musicall.com\/index.php?rest_route=%2Fwp%2Fv2%2Fmedia&parent=338"}],"wp:term":[{"taxonomy":"category","embeddable":true,"href":"https:\/\/www.toque-musicall.com\/index.php?rest_route=%2Fwp%2Fv2%2Fcategories&post=338"},{"taxonomy":"post_tag","embeddable":true,"href":"https:\/\/www.toque-musicall.com\/index.php?rest_route=%2Fwp%2Fv2%2Ftags&post=338"}],"curies":[{"name":"wp","href":"https:\/\/api.w.org\/{rel}","templated":true}]}}