{"id":3389,"date":"2013-09-11T22:19:05","date_gmt":"2013-09-12T01:19:05","guid":{"rendered":"http:\/\/www.toque-musicall.com\/?p=3389"},"modified":"2013-09-11T22:19:05","modified_gmt":"2013-09-12T01:19:05","slug":"renato-de-oliveira-em-tempo-quente-made-in-brazil-1968","status":"publish","type":"post","link":"https:\/\/www.toque-musicall.com\/?p=3389","title":{"rendered":"Renato De Oliveira Em Tempo Quente &#8211; Made In Brazil (1968)"},"content":{"rendered":"<p><img loading=\"lazy\" decoding=\"async\" class=\"aligncenter\" alt=\"\" src=\"http:\/\/2.bp.blogspot.com\/-NYATqiX4g70\/UjD71FbAK6I\/AAAAAAAAHcs\/mtUiWmEZPko\/s640\/CAPAP.JPG\" width=\"640\" height=\"637\" \/><img loading=\"lazy\" decoding=\"async\" class=\"aligncenter\" alt=\"\" src=\"http:\/\/1.bp.blogspot.com\/-INXC1moRMwU\/UjD7v0ZTC1I\/AAAAAAAAHck\/Oxg81CCVOV8\/s640\/CONTRAP.JPG\" width=\"630\" height=\"640\" \/><\/p>\n<p>Boa noite a todos, amigos cultos e ocultos! A partir de outubro o Toque Musical vai mudar. N\u00e3o mais teremos as costumeiras postagens di\u00e1rias. Essas, acontecer\u00e3o de acordo com o meu tempo dispon\u00edvel. Dessa forma tamb\u00e9m, espero estar mais dispon\u00edvel para atender \u00e0s centenas de solicita\u00e7\u00f5es e pedidos para novo links. Estou planejando, tamb\u00e9m para breve, algumas mudan\u00e7as radicais no GTM. Creio que j\u00e1 \u00e9 hora do Augusto aqui ser remunerado pelo seu trabalho e pela manuten\u00e7\u00e3o de seu conte\u00fado. Em breve, pode ser que eu venha a alterar a forma de associa\u00e7\u00e3o ao grupo. Penso em cobrar uma anuidade aos associados como forma de cobrir gastos e custos, bem como a manuten\u00e7\u00e3o e reposi\u00e7\u00e3o mais eficiente dos links. A taxa (anual) ser\u00e1 quase simb\u00f3lica, o suficiente para n\u00e3o deixar o Toque Musical continuar me dando preju\u00edzo \ud83d\ude42 Observo que minhas intens\u00f5es e propostas continuam sendo as mesmas, divulgar a esquecida produ\u00e7\u00e3o fonogr\u00e1fica brasileira e seus mais diversos artistas.<br \/>\nPara a noite de hoje eu estou trazendo para voc\u00eas um \u00e1lbum muito interessante, bem a cara dos anos 60, ou do final dele. Temos aqui o maestro, instrumentista e compositor Renato de Oliveira, em tempo quente, desfilando um repert\u00f3rio &#8220;made in Brazil&#8221;. Uma sele\u00e7\u00e3o bem variada que tr\u00e1s alguns temas cl\u00e1ssicos da nossa m\u00fasica popular. Na \u00e9poca, m\u00fasicas consagradas e novos sucessos que mais tarde tamb\u00e9m se tornariam outros cl\u00e1ssicos. Renato de Oliveira \u00e9 mesmo um mestre e demonstra isso em arranjos surpreendentes que d\u00e3o a essas m\u00fasicas uma nova roupagem. Muito bom!<\/p>\n<div style=\"text-align: center;\">pot pourri:<\/div>\n<div style=\"text-align: center;\"><i>segura esse samba &#8211; ogunh\u00e9<\/i><\/div>\n<div style=\"text-align: center;\"><i>bafo de on\u00e7a<\/i><\/div>\n<div style=\"text-align: center;\"><i>o teu cabelo n\u00e3o nega<\/i><\/div>\n<div style=\"text-align: center;\"><i>cidade maravilhosa<\/i><\/div>\n<div style=\"text-align: center;\">voc\u00ea passa eu acho gra\u00e7a<\/div>\n<div style=\"text-align: center;\">helena helena helena<\/div>\n<div style=\"text-align: center;\">marcha da quarta feira de cinzas<\/div>\n<div style=\"text-align: center;\">fita amarela<\/div>\n<div style=\"text-align: center;\">canto chorado<\/div>\n<div style=\"text-align: center;\">brasileirinho<\/div>\n<div style=\"text-align: center;\">bom tempo<\/div>\n<div style=\"text-align: center;\">vem chegando a madrugada<\/div>\n<div style=\"text-align: center;\">zel\u00e3o<\/div>\n<div style=\"text-align: center;\">toda colorida<\/div>\n<div style=\"text-align: center;\">eu e a brisa<\/div>\n<div style=\"text-align: center;\">modinha<\/div>\n<div style=\"text-align: center;\">tempo quente<\/div>\n<div style=\"text-align: center;\"><\/div>\n<div style=\"text-align: center;\">.<\/div>\n","protected":false},"excerpt":{"rendered":"<p>Boa noite a todos, amigos cultos e ocultos! A partir de outubro o Toque Musical vai mudar. N\u00e3o mais teremos as costumeiras postagens di\u00e1rias. Essas, acontecer\u00e3o de acordo com o meu tempo dispon\u00edvel. Dessa forma tamb\u00e9m, espero estar mais dispon\u00edvel &hellip; <a href=\"https:\/\/www.toque-musicall.com\/?p=3389\">Continue lendo <span class=\"meta-nav\">&rarr;<\/span><\/a><\/p>\n","protected":false},"author":1,"featured_media":0,"comment_status":"open","ping_status":"closed","sticky":false,"template":"","format":"standard","meta":{"footnotes":""},"categories":[449,40],"tags":[],"class_list":["post-3389","post","type-post","status-publish","format-standard","hentry","category-renato-de-oliveira","category-selo-continental"],"_links":{"self":[{"href":"https:\/\/www.toque-musicall.com\/index.php?rest_route=\/wp\/v2\/posts\/3389","targetHints":{"allow":["GET"]}}],"collection":[{"href":"https:\/\/www.toque-musicall.com\/index.php?rest_route=\/wp\/v2\/posts"}],"about":[{"href":"https:\/\/www.toque-musicall.com\/index.php?rest_route=\/wp\/v2\/types\/post"}],"author":[{"embeddable":true,"href":"https:\/\/www.toque-musicall.com\/index.php?rest_route=\/wp\/v2\/users\/1"}],"replies":[{"embeddable":true,"href":"https:\/\/www.toque-musicall.com\/index.php?rest_route=%2Fwp%2Fv2%2Fcomments&post=3389"}],"version-history":[{"count":1,"href":"https:\/\/www.toque-musicall.com\/index.php?rest_route=\/wp\/v2\/posts\/3389\/revisions"}],"predecessor-version":[{"id":3392,"href":"https:\/\/www.toque-musicall.com\/index.php?rest_route=\/wp\/v2\/posts\/3389\/revisions\/3392"}],"wp:attachment":[{"href":"https:\/\/www.toque-musicall.com\/index.php?rest_route=%2Fwp%2Fv2%2Fmedia&parent=3389"}],"wp:term":[{"taxonomy":"category","embeddable":true,"href":"https:\/\/www.toque-musicall.com\/index.php?rest_route=%2Fwp%2Fv2%2Fcategories&post=3389"},{"taxonomy":"post_tag","embeddable":true,"href":"https:\/\/www.toque-musicall.com\/index.php?rest_route=%2Fwp%2Fv2%2Ftags&post=3389"}],"curies":[{"name":"wp","href":"https:\/\/api.w.org\/{rel}","templated":true}]}}