{"id":340,"date":"2011-09-03T13:18:00","date_gmt":"2011-09-03T13:18:00","guid":{"rendered":"http:\/\/www.toque-musicall.com\/?p=340"},"modified":"2011-09-03T13:18:00","modified_gmt":"2011-09-03T13:18:00","slug":"joao-gilberto-registros-na-casa-de-chico-pereira-1958-repost-sempre","status":"publish","type":"post","link":"https:\/\/www.toque-musicall.com\/?p=340","title":{"rendered":"Jo\u00e3o Gilberto &#8211; Registros Na Casa De Chico Pereira (1958) REPOST (Sempre!)"},"content":{"rendered":"<div align=\"left\"><a href=\"http:\/\/4.bp.blogspot.com\/_DSKVEvHtskc\/SYcOIROZSgI\/AAAAAAAADTU\/_DrlRwO-c7c\/s1600-h\/Jo%C3%83%C2%A3o+casa+de+Chico+Pereira+P.JPG\"><img decoding=\"async\" alt=\"\" border=\"0\" id=\"BLOGGER_PHOTO_ID_5298219021850200578\" src=\"http:\/\/4.bp.blogspot.com\/_DSKVEvHtskc\/SYcOIROZSgI\/AAAAAAAADTU\/_DrlRwO-c7c\/s400\/Jo%C3%A3o+casa+de+Chico+Pereira+P.JPG\" style=\"cursor: hand; display: block; height: 399px; margin: 0px auto 10px; text-align: center; width: 400px;\" \/><\/a>Come\u00e7amos a semana ainda em tom de curiosidade. Ou melhor dizendo, em Jo\u00e3o de curiosidade (e raridade). Isso mesmo, Jo\u00e3o Gilberto. Temos para hoje um raro e lend\u00e1rio registro do pai da Bossa Nova. N\u00e3o se trata de um disco, mas sim de uma grava\u00e7\u00e3o amadora feita no apartamento do fot\u00f3grafo Chico Pereira em 1958. Trata-se de um registro anterior ao disco de estr\u00e9ia de Jo\u00e3o Gilberto e da pr\u00f3pria Bossa Nova. Um dado hist\u00f3rico e muito importante da nossa m\u00fasica. Vai bombar, com toda certeza.<\/div>\n<div align=\"left\">Recebi essa preciosidade h\u00e1 um tempo atr\u00e1s de um amigo m\u00fasico, <a href=\"mailto:crisdobrasil2005@hotmail.com\">Christophe Rousseau<\/a>. Ele tamb\u00e9m \u00e9 um ex\u00edmio engenheiro de som e durante um bom tempo passou trabalhando este \u00e1udio. O resultado ficou formid\u00e1vel, pois a grava\u00e7\u00e3o \u00e9 caseira e muito antiga. Segundo ele me informou, nunca antes essas grava\u00e7\u00f5es vieram a p\u00fabico (e com essa qualidade).<br \/>Recentemente \u00e9 que a quest\u00e3o voltou a baila, quando no livro \u201cChega de Saudade\u201d, Ruy Castro comenta o epis\u00f3dio dos encontros e das grava\u00e7\u00f5es. Desculpe, eu n\u00e3o li o livro e pouco sei sobre essa hist\u00f3ria. O fato \u00e9 que nesta grava\u00e7\u00e3o temos um registro livre e descontraido, feito na casa de Chico Pereira. Somente Jo\u00e3o e seu viol\u00e3o ao lado dos amigos Toninho Botelho, Astrud, Chico e sua esposa. Para este \u00e1udio hist\u00f3rico eu resolvi criar uma capinha (vers\u00e3o cd e lp), assim como sempre fa\u00e7o, para a apresenta\u00e7\u00e3o. A listagem a baixo refere-se apenas \u00e0s musicas identificadas, muitas delas inclusive s\u00e3o in\u00e9ditas e nunca foram gravadas por Jo\u00e3o. H\u00e1 tamb\u00e9m inclu\u00eddas algumas outras m\u00fasicas que at\u00e9 ent\u00e3o n\u00e3o foram reconhecidas. Eu tamb\u00e9m n\u00e3o consegui identificar, mesmo ao ouvi-las v\u00e1rias vezes. Outro dado importante desta grava\u00e7\u00e3o s\u00e3o os momentos de conversa entre eles. Sem d\u00favida um documento sonoro dos mais importantes.  Espero que voc\u00eas gostem \ud83d\ude09<\/p>\n<\/div>\n<div align=\"center\">um abra\u00e7o no bonf\u00e1<\/div>\n<div align=\"center\">chega de saudade<\/div>\n<div align=\"center\">bim bom<\/div>\n<div align=\"center\">ho ba la la<\/div>\n<div align=\"center\">\u00e9 luxo s\u00f3<\/div>\n<div align=\"center\">desafinado<\/div>\n<div align=\"center\">saudade fez um samba<\/div>\n<div align=\"center\">esse seu olhar<\/div>\n<div align=\"center\">a felicidade<\/div>\n<div align=\"center\">preconceito<\/div>\n<div align=\"center\">caminhos cruzados<\/div>\n<div align=\"center\">m\u00e1goa<\/div>\n<div align=\"center\">lobo mau<\/div>\n<div align=\"center\">brigas nunca mais<\/div>\n<div align=\"center\">louco<\/div>\n<div align=\"center\">trevo de quatro folhas<\/div>\n<div align=\"center\">o pato<\/div>\n<div align=\"center\">aos p\u00e9s da cruz<\/div>\n<div align=\"center\">rosa morena<\/div>\n<div align=\"center\">jo\u00e3o valent\u00e3o<\/div>\n<div align=\"center\">ch\u00e3o de estrelas<\/div>\n<div align=\"center\">nos bra\u00e7os de isabel<\/div>\n<div align=\"center\">l\u00e1 vem a baiana<\/div>\n<div align=\"center\">doralice<\/div>\n<div align=\"center\">voc\u00ea n\u00e3o sabe amar<\/div>\n<div align=\"center\">beija-me<\/div>\n<div align=\"center\"><\/div>\n<div align=\"center\"><\/div>\n<div align=\"center\"><\/div>\n","protected":false},"excerpt":{"rendered":"<p>Come\u00e7amos a semana ainda em tom de curiosidade. Ou melhor dizendo, em Jo\u00e3o de curiosidade (e raridade). Isso mesmo, Jo\u00e3o Gilberto. Temos para hoje um raro e lend\u00e1rio registro do pai da Bossa Nova. N\u00e3o se trata de um disco, &hellip; <a href=\"https:\/\/www.toque-musicall.com\/?p=340\">Continue lendo <span class=\"meta-nav\">&rarr;<\/span><\/a><\/p>\n","protected":false},"author":1,"featured_media":0,"comment_status":"open","ping_status":"closed","sticky":false,"template":"","format":"standard","meta":{"footnotes":""},"categories":[11,292,562],"tags":[],"class_list":["post-340","post","type-post","status-publish","format-standard","hentry","category-exclusivos-do-toque-musical","category-joao-gilberto","category-joao-gilberto-registros-na-casa-de-chico-pereira"],"_links":{"self":[{"href":"https:\/\/www.toque-musicall.com\/index.php?rest_route=\/wp\/v2\/posts\/340","targetHints":{"allow":["GET"]}}],"collection":[{"href":"https:\/\/www.toque-musicall.com\/index.php?rest_route=\/wp\/v2\/posts"}],"about":[{"href":"https:\/\/www.toque-musicall.com\/index.php?rest_route=\/wp\/v2\/types\/post"}],"author":[{"embeddable":true,"href":"https:\/\/www.toque-musicall.com\/index.php?rest_route=\/wp\/v2\/users\/1"}],"replies":[{"embeddable":true,"href":"https:\/\/www.toque-musicall.com\/index.php?rest_route=%2Fwp%2Fv2%2Fcomments&post=340"}],"version-history":[{"count":0,"href":"https:\/\/www.toque-musicall.com\/index.php?rest_route=\/wp\/v2\/posts\/340\/revisions"}],"wp:attachment":[{"href":"https:\/\/www.toque-musicall.com\/index.php?rest_route=%2Fwp%2Fv2%2Fmedia&parent=340"}],"wp:term":[{"taxonomy":"category","embeddable":true,"href":"https:\/\/www.toque-musicall.com\/index.php?rest_route=%2Fwp%2Fv2%2Fcategories&post=340"},{"taxonomy":"post_tag","embeddable":true,"href":"https:\/\/www.toque-musicall.com\/index.php?rest_route=%2Fwp%2Fv2%2Ftags&post=340"}],"curies":[{"name":"wp","href":"https:\/\/api.w.org\/{rel}","templated":true}]}}