{"id":3418,"date":"2013-09-18T23:10:36","date_gmt":"2013-09-19T02:10:36","guid":{"rendered":"http:\/\/www.toque-musicall.com\/?p=3418"},"modified":"2013-09-19T00:17:30","modified_gmt":"2013-09-19T03:17:30","slug":"grupo-queluz-de-minas-1981","status":"publish","type":"post","link":"https:\/\/www.toque-musicall.com\/?p=3418","title":{"rendered":"Grupo Queluz De Minas (1981)"},"content":{"rendered":"<p><img loading=\"lazy\" decoding=\"async\" class=\"aligncenter\" alt=\"\" src=\"http:\/\/2.bp.blogspot.com\/-oQeckNlLFl4\/UjpCZawxr2I\/AAAAAAAAHfw\/bCvvQQNZKEw\/s640\/folder.jpg\" width=\"639\" height=\"640\" \/><img loading=\"lazy\" decoding=\"async\" class=\"aligncenter\" alt=\"\" src=\"http:\/\/4.bp.blogspot.com\/-AgFd0g546hM\/UjpCTbmGMeI\/AAAAAAAAHfo\/JZQWquuitr8\/s640\/contrap.JPG\" width=\"640\" height=\"640\" \/><\/p>\n<p>Boa noite, amigos cultos e ocultos. Hoje eu vou mandar aqui um compacto, produ\u00e7\u00e3o independente aqui de Minas Gerais. Apresento aos que n\u00e3o conhecem o grupo Queluz de Minas. Um conjunto vocal nascido no final dos anos 70, na cidade de Conselheiro Lafaiete. Segundo eles contam, o grupo foi criado no int\u00faito de fazer um show em homengem ao um m\u00fasico da cidade, Jo\u00e3o Salgado que vem de uma das fam\u00edlias de fabricantes da famosa &#8216;Viola de Queluz&#8221;. Queluz \u00e9 uma regi\u00e3o no munic\u00edpio de Conselheiro Lafaiete onde, entre o final do s\u00e9culo XIX e o in\u00edcio do s\u00e9culo XX, eram fabricadas por duas fam\u00edlias (Meirelles e Salgado) as violas de pinho, que hoje se tornaram rar\u00edssimas e cobi\u00e7adas por todo bom violeiro.<br \/>\nO Grupo Queluz de Minas, pelo que sei s\u00f3 gravou este compacto e (me parece) um lp (ou cd?). N\u00e3o encontrei nada a esse respeito, mas \u00e9 poss\u00edvel saber. Alguns de seus integrantes prosseguiram em carreira individual e com outros grupos. Ao que\u00a0parece eles continuam na ativa, pelo menos no Facebook onde mantem uma p\u00e1gina.<\/p>\n<div style=\"text-align: center;\">poeira<\/div>\n<div style=\"text-align: center;\">existindo<\/div>\n<div style=\"text-align: center;\">contra o canto nesta hora<\/div>\n<div style=\"text-align: center;\">alvorecer<\/div>\n<div style=\"text-align: center;\"><\/div>\n<div style=\"text-align: center;\">.<\/div>\n<div style=\"text-align: center;\"><\/div>\n","protected":false},"excerpt":{"rendered":"<p>Boa noite, amigos cultos e ocultos. Hoje eu vou mandar aqui um compacto, produ\u00e7\u00e3o independente aqui de Minas Gerais. Apresento aos que n\u00e3o conhecem o grupo Queluz de Minas. Um conjunto vocal nascido no final dos anos 70, na cidade &hellip; <a href=\"https:\/\/www.toque-musicall.com\/?p=3418\">Continue lendo <span class=\"meta-nav\">&rarr;<\/span><\/a><\/p>\n","protected":false},"author":1,"featured_media":0,"comment_status":"open","ping_status":"closed","sticky":false,"template":"","format":"standard","meta":{"footnotes":""},"categories":[93,2239,25],"tags":[],"class_list":["post-3418","post","type-post","status-publish","format-standard","hentry","category-compactos","category-grupo-queluz-de-minas","category-selo-independente"],"_links":{"self":[{"href":"https:\/\/www.toque-musicall.com\/index.php?rest_route=\/wp\/v2\/posts\/3418","targetHints":{"allow":["GET"]}}],"collection":[{"href":"https:\/\/www.toque-musicall.com\/index.php?rest_route=\/wp\/v2\/posts"}],"about":[{"href":"https:\/\/www.toque-musicall.com\/index.php?rest_route=\/wp\/v2\/types\/post"}],"author":[{"embeddable":true,"href":"https:\/\/www.toque-musicall.com\/index.php?rest_route=\/wp\/v2\/users\/1"}],"replies":[{"embeddable":true,"href":"https:\/\/www.toque-musicall.com\/index.php?rest_route=%2Fwp%2Fv2%2Fcomments&post=3418"}],"version-history":[{"count":1,"href":"https:\/\/www.toque-musicall.com\/index.php?rest_route=\/wp\/v2\/posts\/3418\/revisions"}],"predecessor-version":[{"id":3421,"href":"https:\/\/www.toque-musicall.com\/index.php?rest_route=\/wp\/v2\/posts\/3418\/revisions\/3421"}],"wp:attachment":[{"href":"https:\/\/www.toque-musicall.com\/index.php?rest_route=%2Fwp%2Fv2%2Fmedia&parent=3418"}],"wp:term":[{"taxonomy":"category","embeddable":true,"href":"https:\/\/www.toque-musicall.com\/index.php?rest_route=%2Fwp%2Fv2%2Fcategories&post=3418"},{"taxonomy":"post_tag","embeddable":true,"href":"https:\/\/www.toque-musicall.com\/index.php?rest_route=%2Fwp%2Fv2%2Ftags&post=3418"}],"curies":[{"name":"wp","href":"https:\/\/api.w.org\/{rel}","templated":true}]}}