{"id":342,"date":"2011-09-03T02:41:00","date_gmt":"2011-09-03T02:41:00","guid":{"rendered":"http:\/\/www.toque-musicall.com\/?p=342"},"modified":"2011-09-03T02:41:00","modified_gmt":"2011-09-03T02:41:00","slug":"ary-toledo-geraldo-vandre-ana-lucia-os-cariocas-paulinho-da-viola-ze-keti-compactos-repost","status":"publish","type":"post","link":"https:\/\/www.toque-musicall.com\/?p=342","title":{"rendered":"Ary Toledo, Geraldo Vandr\u00e9, Ana L\u00facia, Os Cariocas, Paulinho Da Viola &#038; Z\u00e9 K\u00e9ti &#8211; Compactos REPOST"},"content":{"rendered":"<p><a href=\"http:\/\/1.bp.blogspot.com\/_DSKVEvHtskc\/SttIjil1sPI\/AAAAAAAAFgs\/Ld6lWwsFE78\/s1600-h\/capa+p.JPG\"><img decoding=\"async\" alt=\"\" border=\"0\" id=\"BLOGGER_PHOTO_ID_5393984754124435698\" src=\"http:\/\/1.bp.blogspot.com\/_DSKVEvHtskc\/SttIjil1sPI\/AAAAAAAAFgs\/Ld6lWwsFE78\/s400\/capa+p.JPG\" style=\"cursor: hand; cursor: pointer; display: block; height: 400px; margin: 0px auto 10px; text-align: center; width: 397px;\" \/><\/a><a href=\"http:\/\/www.mediafire.com\/?55exjahc8sb9x92\">P<\/a>ara o nosso domingo ser mais feliz, passamos de quatro para seis compactos. O bom de colocar assim \u00e9 que podemos ter uma maior variedade, agradando &#8216;gregos e troianos&#8217;. No caso da postagem de hoje, quero primeiramente agradar a mim mesmo &#8211; estes moram no meu repert\u00f3rio de assobios e cantaroladas. Isto tamb\u00e9m para n\u00e3o dizerem que por aqui s\u00f3 rola coisas estranhas. Na verdade a \u00fanica coisa estranha aqui sou eu, hehehe&#8230; Muito estranho&#8230; vou da \u00e1gua ao vinho, da sopa ao mingau. &#8220;O importante \u00e9 que a nossa emo\u00e7\u00e3o sobreviva!&#8221;<\/p>\n<div>Ent\u00e3o, temos na postagem do dia, seis compactos super bacana: Ary Toledo, nos tempos em que ele cantava mais do que fazia piadas. O quarteto Os Cariocas, sempre com muita bossa. Geraldo Vandr\u00e9 num compacto simples com duas m\u00fasicas que fizeram parte da trilha sonora do filme &#8220;A hora e a vez de Augusto Matraga&#8221;. Segue outro Vandr\u00e9 ao lado da cantora Ana L\u00facia numa grava\u00e7\u00e3o e compacto que \u00e9 raridade total. Temos tamb\u00e9m o Paulinho da Viola num compacto duplo com quatro p\u00e9rolas de sua autoria. E para finalizar, temos o Z\u00e9 K\u00e9ti num compacto simples da Rosenblit. Este \u00faltimo disquinho traz a faixa &#8220;Acender as velas&#8221;, m\u00fasica esta que n\u00e3o consta no seu lp da mesma gravadora. Acho at\u00e9 que amanh\u00e3 irei postar o \u00e1lbum, assim a semana come\u00e7a &#8216;nos trinques&#8217;. Podem aguardar&#8230; \ud83d\ude09<\/div>\n<div><\/div>\n<div style=\"text-align: center;\">Ary Toledo<\/div>\n<div style=\"text-align: center;\">maria clara<\/div>\n<div style=\"text-align: center;\">o que ser\u00e1 que as outras tem que a linda n\u00e3o tem<\/div>\n<div style=\"text-align: center;\">+<\/div>\n<div style=\"text-align: center;\">Geraldo Vandr\u00e9<\/div>\n<div style=\"text-align: center;\">cantiga brava<\/div>\n<div style=\"text-align: center;\">modinha<\/div>\n<div style=\"text-align: center;\">+<\/div>\n<div style=\"text-align: center;\">Geraldo Vandr\u00e9 &#038; Ana L\u00facia<\/div>\n<div style=\"text-align: center;\">samba em prel\u00fadio<\/div>\n<div style=\"text-align: center;\">voc\u00ea que n\u00e3o vem<\/div>\n<div style=\"text-align: center;\">+<\/div>\n<div style=\"text-align: center;\">Os Cariocas<\/div>\n<div style=\"text-align: center;\">minha namorada<\/div>\n<div style=\"text-align: center;\">nem o mar sabia<\/div>\n<div style=\"text-align: center;\">+ <\/div>\n<div style=\"text-align: center;\">Paulinho da Viola<\/div>\n<div style=\"text-align: center;\">foi um rio que passou em minha vida<\/div>\n<div style=\"text-align: center;\">nada de novo<\/div>\n<div style=\"text-align: center;\">ruas que sonhei<\/div>\n<div style=\"text-align: center;\">sinal fechado<\/div>\n<div style=\"text-align: center;\">+<\/div>\n<div style=\"text-align: center;\">Z\u00e9 K\u00e9ti<\/div>\n<div style=\"text-align: center;\">m\u00e1scara negra<\/div>\n<div style=\"text-align: center;\">acender as velas<\/div>\n<div style=\"text-align: center;\"><\/div>\n<div style=\"text-align: center;\"><\/div>\n","protected":false},"excerpt":{"rendered":"<p>Para o nosso domingo ser mais feliz, passamos de quatro para seis compactos. O bom de colocar assim \u00e9 que podemos ter uma maior variedade, agradando &#8216;gregos e troianos&#8217;. No caso da postagem de hoje, quero primeiramente agradar a mim &hellip; <a href=\"https:\/\/www.toque-musicall.com\/?p=342\">Continue lendo <span class=\"meta-nav\">&rarr;<\/span><\/a><\/p>\n","protected":false},"author":1,"featured_media":0,"comment_status":"open","ping_status":"closed","sticky":false,"template":"","format":"standard","meta":{"footnotes":""},"categories":[565,564,258,290,542,439,184,48,566],"tags":[],"class_list":["post-342","post","type-post","status-publish","format-standard","hentry","category-ana-lucia","category-ary-toledo","category-geraldo-vandre","category-os-cariocas","category-paulinho-da-viola","category-selo-fermata","category-selo-mocambo","category-selo-philips","category-ze-keti"],"_links":{"self":[{"href":"https:\/\/www.toque-musicall.com\/index.php?rest_route=\/wp\/v2\/posts\/342","targetHints":{"allow":["GET"]}}],"collection":[{"href":"https:\/\/www.toque-musicall.com\/index.php?rest_route=\/wp\/v2\/posts"}],"about":[{"href":"https:\/\/www.toque-musicall.com\/index.php?rest_route=\/wp\/v2\/types\/post"}],"author":[{"embeddable":true,"href":"https:\/\/www.toque-musicall.com\/index.php?rest_route=\/wp\/v2\/users\/1"}],"replies":[{"embeddable":true,"href":"https:\/\/www.toque-musicall.com\/index.php?rest_route=%2Fwp%2Fv2%2Fcomments&post=342"}],"version-history":[{"count":0,"href":"https:\/\/www.toque-musicall.com\/index.php?rest_route=\/wp\/v2\/posts\/342\/revisions"}],"wp:attachment":[{"href":"https:\/\/www.toque-musicall.com\/index.php?rest_route=%2Fwp%2Fv2%2Fmedia&parent=342"}],"wp:term":[{"taxonomy":"category","embeddable":true,"href":"https:\/\/www.toque-musicall.com\/index.php?rest_route=%2Fwp%2Fv2%2Fcategories&post=342"},{"taxonomy":"post_tag","embeddable":true,"href":"https:\/\/www.toque-musicall.com\/index.php?rest_route=%2Fwp%2Fv2%2Ftags&post=342"}],"curies":[{"name":"wp","href":"https:\/\/api.w.org\/{rel}","templated":true}]}}