{"id":3423,"date":"2013-09-19T23:32:57","date_gmt":"2013-09-20T02:32:57","guid":{"rendered":"http:\/\/www.toque-musicall.com\/?p=3423"},"modified":"2013-09-19T23:32:57","modified_gmt":"2013-09-20T02:32:57","slug":"claude-taylor-e-sua-orquestra-sax-e-boleros-1964","status":"publish","type":"post","link":"https:\/\/www.toque-musicall.com\/?p=3423","title":{"rendered":"Claude Taylor E Sua Orquestra &#8211; Sax E Boleros (1964)"},"content":{"rendered":"<p><img loading=\"lazy\" decoding=\"async\" class=\"aligncenter\" alt=\"\" src=\"http:\/\/4.bp.blogspot.com\/-Y2u1Rzc-vIU\/UjupTSGRRdI\/AAAAAAAAHgI\/pS9oZlKcOX4\/s640\/capa+P.JPG\" width=\"640\" height=\"639\" \/><img loading=\"lazy\" decoding=\"async\" class=\"aligncenter\" alt=\"\" src=\"http:\/\/2.bp.blogspot.com\/-sD3FoTqBFsw\/UjupJpdIVWI\/AAAAAAAAHgA\/PI7YfkUGS3Y\/s640\/contra+p.JPG\" width=\"640\" height=\"634\" \/><\/p>\n<p>Boa noite a todos, amigos cultos e ocultos! Mais uma vez chegando na \u00faltima hora. Infelizmente n\u00e3o tem jeito, \u00e9 o tempo que me sobra. E a cada dia vai sobrando menos. Por isso \u00e9 que a partir de outubro o Toque Musical deixa de ser di\u00e1rio. Ou melhor dizendo, sem compromisso com postagens di\u00e1rias. Estarei a partir de ent\u00e3o repondo os links de solicita\u00e7\u00f5es feitas at\u00e9 o final deste m\u00eas. Da\u00ed pra frente.. tudo vai ser diferente&#8230;<br \/>\nSeguimos aqui com &#8220;Claude Taylor e Orquestra&#8221;. Certamente, mais uma daquelas jogadas de artistas com nomes falsos. Quem olha apenas para a sequ\u00eancia de m\u00fasicas apresentadas, sem muita aten\u00e7\u00e3o, h\u00e1 de pensar que ser trata de um artista estrangeiro. O repert\u00f3rio \u00e9 formado por diferentes &#8216;standards&#8217; da m\u00fasica internacional, em ritmo de bolero. Contudo, podemos notar que a equipe de produ\u00e7\u00e3o deste lp \u00e9 formada por figuras bem conhecidas no cen\u00e1rio fonogr\u00e1fico da \u00e9poca. Dire\u00e7\u00e3o art\u00edstica de \u00a0Milton Miranda, dire\u00e7\u00e3o musical de Lyrio Panicalli e orquestra\u00e7\u00e3o por conta de Severino Ara\u00fajo. Bom, j\u00e1 deu pra saber que a orquestra \u00e9 por conta do Severino Ara\u00fajo. Agora resta saber quem \u00e9 o sax que se faz passar por &#8220;Claude Taylor&#8221;. Algu\u00e9m a\u00ed tem a resposta? (\u00e9 nessas horas que a gente sente qual \u00e9 o &#8216;feedback&#8217;)<\/p>\n<div style=\"text-align: center;\">smoke gets in your eyes<\/div>\n<div style=\"text-align: center;\">temptation<\/div>\n<div style=\"text-align: center;\">i&#8217;m in the mood for love<\/div>\n<div style=\"text-align: center;\">body and soul<\/div>\n<div style=\"text-align: center;\">stardust<\/div>\n<div style=\"text-align: center;\">dancing in the dark<\/div>\n<div style=\"text-align: center;\">as time goes by<\/div>\n<div style=\"text-align: center;\">i only have eyes for you<\/div>\n<div style=\"text-align: center;\">blue moon<\/div>\n<div style=\"text-align: center;\">deep purple<\/div>\n<div style=\"text-align: center;\">tenderly<\/div>\n<div style=\"text-align: center;\">these foolish things<\/div>\n<div style=\"text-align: center;\"><\/div>\n<div style=\"text-align: center;\">.<\/div>\n<div style=\"text-align: center;\"><\/div>\n","protected":false},"excerpt":{"rendered":"<p>Boa noite a todos, amigos cultos e ocultos! Mais uma vez chegando na \u00faltima hora. Infelizmente n\u00e3o tem jeito, \u00e9 o tempo que me sobra. E a cada dia vai sobrando menos. Por isso \u00e9 que a partir de outubro &hellip; <a href=\"https:\/\/www.toque-musicall.com\/?p=3423\">Continue lendo <span class=\"meta-nav\">&rarr;<\/span><\/a><\/p>\n","protected":false},"author":1,"featured_media":0,"comment_status":"open","ping_status":"closed","sticky":false,"template":"","format":"standard","meta":{"footnotes":""},"categories":[2240,86,499],"tags":[],"class_list":["post-3423","post","type-post","status-publish","format-standard","hentry","category-claude-taylor","category-selo-odeon","category-severino-araujo-e-orquestra-tabajara"],"_links":{"self":[{"href":"https:\/\/www.toque-musicall.com\/index.php?rest_route=\/wp\/v2\/posts\/3423","targetHints":{"allow":["GET"]}}],"collection":[{"href":"https:\/\/www.toque-musicall.com\/index.php?rest_route=\/wp\/v2\/posts"}],"about":[{"href":"https:\/\/www.toque-musicall.com\/index.php?rest_route=\/wp\/v2\/types\/post"}],"author":[{"embeddable":true,"href":"https:\/\/www.toque-musicall.com\/index.php?rest_route=\/wp\/v2\/users\/1"}],"replies":[{"embeddable":true,"href":"https:\/\/www.toque-musicall.com\/index.php?rest_route=%2Fwp%2Fv2%2Fcomments&post=3423"}],"version-history":[{"count":1,"href":"https:\/\/www.toque-musicall.com\/index.php?rest_route=\/wp\/v2\/posts\/3423\/revisions"}],"predecessor-version":[{"id":3426,"href":"https:\/\/www.toque-musicall.com\/index.php?rest_route=\/wp\/v2\/posts\/3423\/revisions\/3426"}],"wp:attachment":[{"href":"https:\/\/www.toque-musicall.com\/index.php?rest_route=%2Fwp%2Fv2%2Fmedia&parent=3423"}],"wp:term":[{"taxonomy":"category","embeddable":true,"href":"https:\/\/www.toque-musicall.com\/index.php?rest_route=%2Fwp%2Fv2%2Fcategories&post=3423"},{"taxonomy":"post_tag","embeddable":true,"href":"https:\/\/www.toque-musicall.com\/index.php?rest_route=%2Fwp%2Fv2%2Ftags&post=3423"}],"curies":[{"name":"wp","href":"https:\/\/api.w.org\/{rel}","templated":true}]}}