{"id":343,"date":"2011-09-02T21:23:00","date_gmt":"2011-09-02T21:23:00","guid":{"rendered":"http:\/\/www.toque-musicall.com\/?p=343"},"modified":"2011-09-02T21:23:00","modified_gmt":"2011-09-02T21:23:00","slug":"augusto-jatoba-matanca-1988","status":"publish","type":"post","link":"https:\/\/www.toque-musicall.com\/?p=343","title":{"rendered":"Augusto Jatob\u00e1 &#8211; Matan\u00e7a (1988)"},"content":{"rendered":"<div style=\"clear: both; text-align: center;\"><a href=\"http:\/\/2.bp.blogspot.com\/-A8a1ZHbKnKA\/TmMFCh6ie6I\/AAAAAAAAIRs\/9sVKfSY18-g\/s1600\/Augusto+Jatob%25C3%25A1+P.JPG\" style=\"margin-left: 1em; margin-right: 1em;\"><img loading=\"lazy\" decoding=\"async\" border=\"0\" height=\"400\" src=\"http:\/\/2.bp.blogspot.com\/-A8a1ZHbKnKA\/TmMFCh6ie6I\/AAAAAAAAIRs\/9sVKfSY18-g\/s400\/Augusto+Jatob%25C3%25A1+P.JPG\" width=\"390\" \/><\/a><\/div>\n<p>Bom dia a todos os amigos cultos e ocultos! Acredito que alguns de voc\u00eas devem estar se perguntando o que est\u00e1 acontecendo no Toque Musical. De repente, antigas postagens reaparecem na pauta do dia. Outras tantas sumiram e os nossos &#8216;toques&#8217; tamb\u00e9m. At\u00e9 o santo Roberto Carlos foi maculado (pois ele nunca faria um gesto obsceno desse).\u00a0 Ficou um pouco confuso, eu sei, mas estamos passando por uma fase de den\u00fancias e arbitrariedades. Os patruleiros cibern\u00e9ticos, os dedos duros, os invejosos e toda a corja de falsos moralistas est\u00e3o a solta, tentando desfazer o inevit\u00e1vel, o &#8216;tsunami da revolu\u00e7\u00e3o digital&#8217;. Vai ser dif\u00edcil! V\u00e3o gastar na repress\u00e3o aquilo que &#8216;pegaram&#8217; dos artistas, os lucros dos seus direitos autorais. Ali\u00e1s, essa \u00e9 a palavra chave para um discurso hip\u00f3crita. Direito autoral, uma balela! Direito de po$$e, isso sim! Essas &#8216;empresas&#8217; n\u00e3o est\u00e3o preocupados com m\u00fasica, cultura ou artistas. O neg\u00f3cio deles \u00e9 grana!<br \/>Como eu disse na postagem original de ontem, nossa m\u00fasica e nossa ind\u00fastria fonogr\u00e1fica foram sucateada, entregue de bandeja para grupos internacionais que passaram a lucrar, relan\u00e7ado os velhos \u00e1lbum (l\u00e1 fora, claro!). Perguntem se algum desses artistas est\u00e3o ganhando alguma coisa? Waltel Branco*, por exemplo, teve um de seus discos relan\u00e7ados com toda a pompa na Europa, super badalado. Acho que ele nunca viu um centavo do que foi vendido. Jo\u00e3o Gilberto com suas grava\u00e7\u00f5es caseiras feitas na casa do fot\u00f3grafo Chico Pereira, at\u00e9 bem pouco tempo atr\u00e1s estava \u00e0 venda, em formato CD, no Jap\u00e3o. Pergunta se ele ganhou alguma coisa. C\u00e9lio Balona, Jorge Ben, Di Melo, diversas bandas de rock nacional 70, outros tantos artistas do samba, isso para n\u00e3o falar da Bossa Nova, cujo os discos s\u00e3o mais conhecidos l\u00e1 fora do que aqui dentro. Tudo isso e muito mais foi usado e abusado por esses &#8216;grupos&#8217; que ainda se sentem prejudicados porque os blogs est\u00e3o disponibilizando o que eles comercializam por a\u00ed a fora. Tenha paci\u00eancia! Viola\u00e7\u00e3o de direito autoral \u00e9 isso! Isso sim \u00e9 que \u00e9 a verdadeira pirataria!<br \/>Pelo que eu vejo, a praga se espalha por outros lugares. Iniciaram a fase da matan\u00e7a. A ca\u00e7a aos blogs. Vamos ver at\u00e9 onde vai&#8230;<br \/>E falando em matan\u00e7a, vamos hoje, que \u00e9 sexta feira, trazendo um belo disco independente. Tenho aqui para voc\u00eas, &#8220;Matan\u00e7a&#8221;, um \u00e1lbum do meu xar\u00e1, o baiano Augusto Jatob\u00e1 (putz! at\u00e9 rimou!). Este \u00e1lbum saiu no final dos anos 80. Uma bela produ\u00e7\u00e3o que contou com participa\u00e7\u00f5es especiais e super especiais. Encabe\u00e7am, logo estampados na capa, os nomes de Geraldo Azevedo, Elomar, Xangai e Jo\u00e3o Omar. Contudo, ainda temos os m\u00fasicos instrumentistas, gente fera como Joca, Franklin, Jacques Morelembaum, Chiquinho do Acordeon, entre outros&#8230;<br \/>Jatob\u00e1 \u00e9 um poeta e compositor na ess\u00eancia. Segundo eu li, ele n\u00e3o toca nenhum instrumento, mas cria m\u00fasicas maravilhosas. Basta ver (e ouvir, claro) m\u00fasicas como &#8220;O primeiro vegetal&#8221;, &#8220;Mastru\u00e7o&#8221;, &#8220;Imbuzeiro&#8221;, &#8220;Frutos de pl\u00e1stico&#8221;&#8230; aaah&#8230; todo o disco. B\u00e3o demais!<br \/>Este \u00e1lbum eu esperava publicar no dia 21 de setembro, Dia da \u00c1rvore. Mas como a &#8216;matan\u00e7a&#8217; come\u00e7ou, n\u00e3o sei se estaremos vivos at\u00e9 l\u00e1.<br \/>Estou pensando em alguma estrat\u00e9gia para mantermos as postagens banidas. De qualquer forma ainda temos o velho endere\u00e7o do Toque Musical e uma outra vers\u00e3o atualizada que funciona como clone.<br \/>\u00c9 isso a\u00ed&#8230; os c\u00e3es ladram e a caravana continua passando (da-lhe Tizol!).<\/p>\n<div style=\"text-align: center;\">primeiro vegetal<\/div>\n<div style=\"text-align: center;\">imbuzeiro<\/div>\n<div style=\"text-align: center;\">mata atl\u00e2ntica<\/div>\n<div style=\"text-align: center;\">matan\u00e7a<\/div>\n<div style=\"text-align: center;\">frutos de pl\u00e1stico<\/div>\n<div style=\"text-align: center;\">ave \u00e1rvore<\/div>\n<div style=\"text-align: center;\">mastru\u00e7o<\/div>\n<div style=\"text-align: center;\">homem arvoredo<\/div>\n<div style=\"text-align: center;\">buraco negro<\/div>\n<div style=\"text-align: center;\">parado no ar<\/div>\n<div style=\"text-align: center;\"><\/div>\n<div style=\"text-align: center;\">\n<div style=\"text-align: left;\">* Valeu, Salvador! Salvou a p\u00e1tria e me tirou do mico \ud83d\ude42<\/div>\n<\/div>\n","protected":false},"excerpt":{"rendered":"<p>Bom dia a todos os amigos cultos e ocultos! Acredito que alguns de voc\u00eas devem estar se perguntando o que est\u00e1 acontecendo no Toque Musical. De repente, antigas postagens reaparecem na pauta do dia. Outras tantas sumiram e os nossos &hellip; <a href=\"https:\/\/www.toque-musicall.com\/?p=343\">Continue lendo <span class=\"meta-nav\">&rarr;<\/span><\/a><\/p>\n","protected":false},"author":1,"featured_media":0,"comment_status":"open","ping_status":"closed","sticky":false,"template":"","format":"standard","meta":{"footnotes":""},"categories":[567,25],"tags":[],"class_list":["post-343","post","type-post","status-publish","format-standard","hentry","category-augusto-jatoba","category-selo-independente"],"_links":{"self":[{"href":"https:\/\/www.toque-musicall.com\/index.php?rest_route=\/wp\/v2\/posts\/343","targetHints":{"allow":["GET"]}}],"collection":[{"href":"https:\/\/www.toque-musicall.com\/index.php?rest_route=\/wp\/v2\/posts"}],"about":[{"href":"https:\/\/www.toque-musicall.com\/index.php?rest_route=\/wp\/v2\/types\/post"}],"author":[{"embeddable":true,"href":"https:\/\/www.toque-musicall.com\/index.php?rest_route=\/wp\/v2\/users\/1"}],"replies":[{"embeddable":true,"href":"https:\/\/www.toque-musicall.com\/index.php?rest_route=%2Fwp%2Fv2%2Fcomments&post=343"}],"version-history":[{"count":0,"href":"https:\/\/www.toque-musicall.com\/index.php?rest_route=\/wp\/v2\/posts\/343\/revisions"}],"wp:attachment":[{"href":"https:\/\/www.toque-musicall.com\/index.php?rest_route=%2Fwp%2Fv2%2Fmedia&parent=343"}],"wp:term":[{"taxonomy":"category","embeddable":true,"href":"https:\/\/www.toque-musicall.com\/index.php?rest_route=%2Fwp%2Fv2%2Fcategories&post=343"},{"taxonomy":"post_tag","embeddable":true,"href":"https:\/\/www.toque-musicall.com\/index.php?rest_route=%2Fwp%2Fv2%2Ftags&post=343"}],"curies":[{"name":"wp","href":"https:\/\/api.w.org\/{rel}","templated":true}]}}