{"id":3436,"date":"2013-09-22T22:02:40","date_gmt":"2013-09-23T01:02:40","guid":{"rendered":"http:\/\/www.toque-musicall.com\/?p=3436"},"modified":"2013-09-22T22:02:40","modified_gmt":"2013-09-23T01:02:40","slug":"banda-dos-coroas-em-todas-1967","status":"publish","type":"post","link":"https:\/\/www.toque-musicall.com\/?p=3436","title":{"rendered":"Banda Dos Coroas &#8211; Em Todas&#8230; (1967)"},"content":{"rendered":"<p><img loading=\"lazy\" decoding=\"async\" class=\"aligncenter\" alt=\"\" src=\"http:\/\/1.bp.blogspot.com\/-OxPPhBHhd-U\/Uj-IQR54gFI\/AAAAAAAAHhQ\/5wUEX09HZc0\/s640\/capap.JPG\" width=\"636\" height=\"640\" \/><img loading=\"lazy\" decoding=\"async\" class=\"aligncenter\" alt=\"\" src=\"http:\/\/1.bp.blogspot.com\/-fammwbMuOrc\/Uj-IIZyI2pI\/AAAAAAAAHhI\/CGwKGfEwNio\/s640\/contrap.JPG\" width=\"634\" height=\"640\" \/><\/p>\n<p>Ol\u00e1 amigos cultos e ocultos! Embora o domingo j\u00e1 tenha praticamente acabado, ainda assim aqui vou eu trazendo um disco que \u00e9 bem a cara deste dia: Banda dos Coroas, no \u00e1lbum &#8220;Em todas&#8230;&#8221;. Lan\u00e7ado em 1967, parece ter feito l\u00e1 o seu sucesso, pois nos anos seguintes novos discos foram lan\u00e7ados. Informa\u00e7\u00f5es sobre quem eram os integrantes ou qualquer coisa que nos sirva de apresenta\u00e7\u00e3o \u00e9 praticamente imposs\u00edvel, pelo menos atrav\u00e9s do Google. Por certo era mais um desses discos feitos sem grandes pretens\u00f5es, apenas a rotina comercial. Mesmo assim, trata-se de uma proposta bem legal. A Banda dos Coroas \u00e9 uma aut\u00eantica banda ao estilo tradicional, como aquelas de coreto. At\u00e9 os anos 60 esse tipo de banda era muito comum, bem apreciada por todos. Mas ao longo do tempo veio perdendo a for\u00e7a e hoje quase n\u00e3o se v\u00ea (e se ouve, claro!), principalmente em cidades grandes. Mas aqui, a Banda dos Coroas procura estar em todas&#8230; Apesar do nome, &#8220;Banda dos Coroas&#8221;, que nos remete a coisa velha, seu repert\u00f3rio para a \u00e9poca era de m\u00fasica jovem. Uma banda muito afinada tocando uma sele\u00e7\u00e3o bem popular. Confiram a\u00ed&#8230;<\/p>\n<div style=\"text-align: center;\">acorda maria bonita<\/div>\n<div style=\"text-align: center;\">seu eu soubesse<\/div>\n<div style=\"text-align: center;\">prova de fogo<\/div>\n<div style=\"text-align: center;\">i was kaiser bill`s batman<\/div>\n<div style=\"text-align: center;\">maria carnaval e cinzas<\/div>\n<div style=\"text-align: center;\">c&#8217;era un ragazzo che come me amava i beatles e i rolling stones<\/div>\n<div style=\"text-align: center;\">o ci\u00fame<\/div>\n<div style=\"text-align: center;\">meu grito<\/div>\n<div style=\"text-align: center;\">p\u00e1ra pedro<\/div>\n<div style=\"text-align: center;\">s\u00faplica cearense<\/div>\n<div style=\"text-align: center;\">o caderninho<\/div>\n<div style=\"text-align: center;\">eu te amo mesmo assim<\/div>\n<div style=\"text-align: center;\">whiter shade of pale<\/div>\n<div style=\"text-align: center;\"><\/div>\n<div style=\"text-align: center;\">.<\/div>\n<div style=\"text-align: center;\"><\/div>\n","protected":false},"excerpt":{"rendered":"<p>Ol\u00e1 amigos cultos e ocultos! Embora o domingo j\u00e1 tenha praticamente acabado, ainda assim aqui vou eu trazendo um disco que \u00e9 bem a cara deste dia: Banda dos Coroas, no \u00e1lbum &#8220;Em todas&#8230;&#8221;. Lan\u00e7ado em 1967, parece ter feito &hellip; <a href=\"https:\/\/www.toque-musicall.com\/?p=3436\">Continue lendo <span class=\"meta-nav\">&rarr;<\/span><\/a><\/p>\n","protected":false},"author":1,"featured_media":0,"comment_status":"open","ping_status":"closed","sticky":false,"template":"","format":"standard","meta":{"footnotes":""},"categories":[2241,667],"tags":[],"class_list":["post-3436","post","type-post","status-publish","format-standard","hentry","category-banda-do-coroas","category-selo-london-emi-odeon"],"_links":{"self":[{"href":"https:\/\/www.toque-musicall.com\/index.php?rest_route=\/wp\/v2\/posts\/3436","targetHints":{"allow":["GET"]}}],"collection":[{"href":"https:\/\/www.toque-musicall.com\/index.php?rest_route=\/wp\/v2\/posts"}],"about":[{"href":"https:\/\/www.toque-musicall.com\/index.php?rest_route=\/wp\/v2\/types\/post"}],"author":[{"embeddable":true,"href":"https:\/\/www.toque-musicall.com\/index.php?rest_route=\/wp\/v2\/users\/1"}],"replies":[{"embeddable":true,"href":"https:\/\/www.toque-musicall.com\/index.php?rest_route=%2Fwp%2Fv2%2Fcomments&post=3436"}],"version-history":[{"count":1,"href":"https:\/\/www.toque-musicall.com\/index.php?rest_route=\/wp\/v2\/posts\/3436\/revisions"}],"predecessor-version":[{"id":3439,"href":"https:\/\/www.toque-musicall.com\/index.php?rest_route=\/wp\/v2\/posts\/3436\/revisions\/3439"}],"wp:attachment":[{"href":"https:\/\/www.toque-musicall.com\/index.php?rest_route=%2Fwp%2Fv2%2Fmedia&parent=3436"}],"wp:term":[{"taxonomy":"category","embeddable":true,"href":"https:\/\/www.toque-musicall.com\/index.php?rest_route=%2Fwp%2Fv2%2Fcategories&post=3436"},{"taxonomy":"post_tag","embeddable":true,"href":"https:\/\/www.toque-musicall.com\/index.php?rest_route=%2Fwp%2Fv2%2Ftags&post=3436"}],"curies":[{"name":"wp","href":"https:\/\/api.w.org\/{rel}","templated":true}]}}