{"id":344,"date":"2011-09-02T02:13:00","date_gmt":"2011-09-02T02:13:00","guid":{"rendered":"http:\/\/www.toque-musicall.com\/?p=344"},"modified":"2011-09-02T02:13:00","modified_gmt":"2011-09-02T02:13:00","slug":"johnny-alf-nos-1974-repost","status":"publish","type":"post","link":"https:\/\/www.toque-musicall.com\/?p=344","title":{"rendered":"Johnny Alf &#8211; N\u00f3s (1974) REPOST"},"content":{"rendered":"<p><a href=\"http:\/\/4.bp.blogspot.com\/_DSKVEvHtskc\/S5BRX6O6wLI\/AAAAAAAAGRE\/2-SI7AvljPM\/s1600-h\/Johnny+Alf+P.JPG\"><img decoding=\"async\" alt=\"\" border=\"0\" id=\"BLOGGER_PHOTO_ID_5444941420701597874\" src=\"http:\/\/4.bp.blogspot.com\/_DSKVEvHtskc\/S5BRX6O6wLI\/AAAAAAAAGRE\/2-SI7AvljPM\/s400\/Johnny+Alf+P.JPG\" style=\"cursor: hand; display: block; height: 400px; margin: 0px auto 10px; text-align: center; width: 400px;\" \/><\/a><a href=\"http:\/\/www.mediafire.com\/?jjqwq48ha47d4q1\"> U<\/a>ma outra homenagem&#8230; Uma postagem especial ao grande Johnny Alf que acaba de nos deixar. Vai Alfredo! N\u00f3s ficaremos aqui com o Johnny, seu legado musical e suas lembran\u00e7as. Valeu demais!<br \/>Segue aqui nesta postagem um belo \u00e1lbum de 1974. N\u00f3s \u00e9 um disca\u00e7o, um dos 3 mil da minha lista dos mais mais da MPB. Participam deste trabalho, tanto nos arranjos\/orquestra\u00e7\u00f5es quanto nas faixas, as ilustres figuras de Egberto Gismonti, Gilberto Gil, Ivan Lins, Paulo Moura, Arthur Verocai e Wagner Tiso.<br \/>Com este bel\u00edssimo lp, deixo registrado no Toque Musical a presen\u00e7a de um dos mais importantes m\u00fasicos brasileiros, que agora vai  tocar com a turma l\u00e1 do c\u00e9u.<\/p>\n<div align=\"center\">sauda\u00e7\u00f5es<\/div>\n<div align=\"center\">o que \u00e9 amar<\/div>\n<div align=\"center\">um gosto de fim<\/div>\n<div align=\"center\">acorda ulysses<\/div>\n<div align=\"center\">m\u00fasico simples<\/div>\n<div align=\"center\">n\u00f3s<\/div>\n<div align=\"center\">outros povos<\/div>\n<div align=\"center\">plenil\u00fanio<\/div>\n<div align=\"center\">\u00e9 um cravo e tem espinho<\/div>\n<div align=\"center\">um tema pro simon<\/p>\n<p>PS.: VAI L\u00c1 EM CASA OUVIR ESTE DISCO, EU FA\u00c7O UMA C\u00d3PIA PARA VOC\u00ca!<\/p><\/div>\n<div align=\"center\"><\/div>\n<div align=\"center\"><\/div>\n","protected":false},"excerpt":{"rendered":"<p>Uma outra homenagem&#8230; Uma postagem especial ao grande Johnny Alf que acaba de nos deixar. Vai Alfredo! N\u00f3s ficaremos aqui com o Johnny, seu legado musical e suas lembran\u00e7as. Valeu demais!Segue aqui nesta postagem um belo \u00e1lbum de 1974. N\u00f3s &hellip; <a href=\"https:\/\/www.toque-musicall.com\/?p=344\">Continue lendo <span class=\"meta-nav\">&rarr;<\/span><\/a><\/p>\n","protected":false},"author":1,"featured_media":0,"comment_status":"open","ping_status":"closed","sticky":false,"template":"","format":"standard","meta":{"footnotes":""},"categories":[568,244],"tags":[],"class_list":["post-344","post","type-post","status-publish","format-standard","hentry","category-johnny-alf","category-selo-emi-odeon"],"_links":{"self":[{"href":"https:\/\/www.toque-musicall.com\/index.php?rest_route=\/wp\/v2\/posts\/344","targetHints":{"allow":["GET"]}}],"collection":[{"href":"https:\/\/www.toque-musicall.com\/index.php?rest_route=\/wp\/v2\/posts"}],"about":[{"href":"https:\/\/www.toque-musicall.com\/index.php?rest_route=\/wp\/v2\/types\/post"}],"author":[{"embeddable":true,"href":"https:\/\/www.toque-musicall.com\/index.php?rest_route=\/wp\/v2\/users\/1"}],"replies":[{"embeddable":true,"href":"https:\/\/www.toque-musicall.com\/index.php?rest_route=%2Fwp%2Fv2%2Fcomments&post=344"}],"version-history":[{"count":0,"href":"https:\/\/www.toque-musicall.com\/index.php?rest_route=\/wp\/v2\/posts\/344\/revisions"}],"wp:attachment":[{"href":"https:\/\/www.toque-musicall.com\/index.php?rest_route=%2Fwp%2Fv2%2Fmedia&parent=344"}],"wp:term":[{"taxonomy":"category","embeddable":true,"href":"https:\/\/www.toque-musicall.com\/index.php?rest_route=%2Fwp%2Fv2%2Fcategories&post=344"},{"taxonomy":"post_tag","embeddable":true,"href":"https:\/\/www.toque-musicall.com\/index.php?rest_route=%2Fwp%2Fv2%2Ftags&post=344"}],"curies":[{"name":"wp","href":"https:\/\/api.w.org\/{rel}","templated":true}]}}