{"id":3440,"date":"2013-09-23T21:41:42","date_gmt":"2013-09-24T00:41:42","guid":{"rendered":"http:\/\/www.toque-musicall.com\/?p=3440"},"modified":"2013-09-23T21:41:42","modified_gmt":"2013-09-24T00:41:42","slug":"geraldo-pereira-selecao-78-rpm-do-toque-musical-vol-70-2013","status":"publish","type":"post","link":"https:\/\/www.toque-musicall.com\/?p=3440","title":{"rendered":"Geraldo Pereira &#8211; Sele\u00e7\u00e3o 78 RPM Do Toque Musical &#8211; Vol. 70 (2013)"},"content":{"rendered":"<p><img loading=\"lazy\" decoding=\"async\" class=\"aligncenter\" alt=\"\" src=\"http:\/\/3.bp.blogspot.com\/-iVmAUJRJ5z4\/UkDeleMolvI\/AAAAAAAAHh8\/_Q0UrCafrtI\/s640\/CAPAP.JPG\" width=\"640\" height=\"640\" \/><img loading=\"lazy\" decoding=\"async\" class=\"aligncenter\" alt=\"\" src=\"http:\/\/1.bp.blogspot.com\/-ITG-i5IrXlk\/UkDeB3IZmnI\/AAAAAAAAHh0\/19mtDRI-CSs\/s640\/CONTRACAPAP.JPG\" width=\"640\" height=\"640\" \/><\/p>\n<div>Chegamos \u00e0 edi\u00e7\u00e3o de n\u00famero 70 do meu, do seu, do nosso Grand Record Brazil. Desta vez focalizamos outro grande sambista que marcou \u00e9poca na hist\u00f3ria de nossa m\u00fasica popular: Geraldo Pereira.\u00a0\u00a0Geraldo Teodoro Pereira (seu nome completo na pia batismal) nasceu em Juiz de Fora, Minas Gerais, no dia 23 de abril de 1918. Ainda crian\u00e7a, com 10 ou 12 anos, foi para o Rio de Janeiro, levado por seu irm\u00e3o mais velho, Man\u00e9 Ara\u00fajo, filho do primeiro casamento de sua m\u00e3e. Man\u00e9 era ferrovi\u00e1rio e sanfoneiro, residente no lend\u00e1rio morro de Mangueira, onde Geraldo foi criado. Al\u00e9m disso, o Man\u00e9 era dono de uma birosca e uma esp\u00e9cie de xerife de sua localidade. Ali, seu irm\u00e3o Geraldo cresceu ouvindo samba e depois participando das rodas no meio dos bambas e valentes. Fez o curso prim\u00e1rio (que n\u00e3o se sabe se chegou a concluir) em uma escola da Rua Oito de Dezembro, na Vila Isabel, de onde sa\u00eda para entregar marmitas. Mais tarde, aos 14 anos, trabalha nas proximidades do morro, at\u00e9 que, por volta de 1936, consegue um emprego de motorista de caminh\u00e3o da limpeza urbana. Nessa \u00e9poca, j\u00e1 arranhava seu viol\u00e3o \u2013 que aprendera a tocar com Alu\u00edzio Dias e com o mestre Cartola, moradores da Mangueira -, fazia acompanhamentos e come\u00e7ava a compor seus sambas, segundo depoimentos de contempor\u00e2neos.\u00a0\u00a0Em 1939, o cantor Roberto Paiva \u00e9 procurado por N\u00e9lson \u201cGravatinha\u201d Teixeira, que queria apresent\u00e1-lo a um compositor novo, insistindo para que ouvisse a m\u00fasica que tinha composto com ele. Era o samba \u201cSe voc\u00ea sair chorando\u201d, que acabou sendo a primeira composi\u00e7\u00e3o gravada de Geraldo Pereira, e foi hit no carnaval de 1940. Nesse meio tempo, conhece a grande paix\u00e3o de sua vida: Isabel, inspiradora de alguns de seus antol\u00f3gicos sambas. De esp\u00edrito bo\u00eamio e mulherengo, Geraldo foi um inovador do samba, e comp\u00f4s sucessos inesquec\u00edveis, com ou sem parceiros: \u201cAcertei no milhar\u201d, \u201cFalsa baiana\u201d, \u201cEscurinho\u201d, \u201cChegou a bonitona\u201d, \u201cPisei num despacho\u201d, \u201cQuando ela samba\u201d, \u201cEscurinha\u201d, \u201cSem compromisso\u201d, \u201cVoc\u00ea est\u00e1 sumindo\u201d, etc. Geraldo Pereira faleceu em 8 de maio de 1955, em consequ\u00eancia de uma hemorragia, provocada por uma briga mal explicada com Madame Sat\u00e3, lend\u00e1rio personagem da Lapa, quando teria batido com a cabe\u00e7a no meio-fio, na porta do restaurante Capela.\u00a0\u00a0Como int\u00e9rprete, segundo Jos\u00e9 Ramos Tinhor\u00e3o, Geraldo Pereira \u201ctinha perfeita no\u00e7\u00e3o de ritmo, coer\u00eancia da forma escolhida para traduzir o sentido dos versos, valoriza\u00e7\u00e3o da melodia e, acima de tudo, car\u00e1ter e estilo pr\u00f3prio na forma de interpretar\u201d. \u00c9 o que iremos comprovar nesta edi\u00e7\u00e3o do GRB, que focaliza o Geraldo cantor, apresentando 12 preciosas grava\u00e7\u00f5es de m\u00fasicas, n\u00e3o apenas dele pr\u00f3prio, como tamb\u00e9m de outros autores, e todas sambas. Para come\u00e7ar, tem \u201cOlha o pau peroba\u201d, de Bucy Moreira e Albertina da Rocha, lan\u00e7ado pela Columbia em janeiro de 1954 para o carnaval desse ano, disco CB-10010-A, matriz CBO-147. Depois, temos \u201cDomingo infeliz\u201d, de Arnaldo Passos e Abelardo Barbosa (sim, o lend\u00e1rio Chacrinha!), lan\u00e7ado pela Sinter em agosto de 1951, disco 00-00.071-A, matriz S-136. No verso, matriz S-150, Geraldo Pereira mostra sua faceta de cronista do dia-a-dia, como parceiro do mesmo Arnaldo em \u201cMinist\u00e9rio da Economia\u201d, alus\u00e3o \u00e0 cria\u00e7\u00e3o da pasta pelo ent\u00e3o presidente Get\u00falio Vargas, na qual acreditava que com esse minist\u00e9rio tudo ficaria mais barato&#8230;\u00a0\u00a0\u201cEla\u201d \u00e9 de Arnaldo Passos e Osvaldo Lobo, lan\u00e7ado pela mesma Sinter em dezembro de 1950, disco 00-00.021-B, matriz S-48. Foi em seguida escalado o lado A, matriz S-47, o samba-can\u00e7\u00e3o \u201cPedro do Pedregulho\u201d, do pr\u00f3prio Geraldo sem parceiro. Embora seja considerado uma tentativa de adapta\u00e7\u00e3o ao gosto comercial vigente nessa \u00e9poca, \u00e9 uma das melhores cria\u00e7\u00f5es de Geraldo Pereira, inspirado em uma figura real, um valente da Mangueira chamado Pedro Veneno, conforme depoimento de Carlos Cacha\u00e7a. Apresenta tamb\u00e9m um tema presente em outras obras de Geraldo, o do malandro regenerado. Esteve presente tamb\u00e9m no segundo LP lan\u00e7ado pela Sinter, o 10 polegadas \u201cParada de sucessos\u201d, j\u00e1 oferecido aos amigos cultos, ocultos e associados do Toque Musical.\u00a0\u00a0A faixa seguinte, \u201cFiz tudo\u201d, \u00e9 de Raimundo Olavo e Geraldo Queiroz, em grava\u00e7\u00e3o RCA Victor de 13 de agosto de 1952, lan\u00e7ada em outubro do mesmo ano, disco 80-1003-A, matriz SB-093398. Aqui tamb\u00e9m est\u00e1 presente o lado B, \u201cTombo no chap\u00e9u\u201d, de Alberto Rego e Arnaldo Passos, matriz SB-093399. \u201cFalso patriota\u201d \u00e9 de David Raw e Victor Simon (o autor dos cl\u00e1ssicos \u201cVagabundo\u201d e \u201cBom dia, caf\u00e9\u201d), e foi gravado por Geraldo na RCA Victor em 26 de junho de 1953, indo para as lojas em setembro seguinte com o n.o 80-1192-A, matriz BE3VB-0185. O tema do falso nacionalista, consumidor exclusivamente de produtos importados, presente aqui, seria retomado em 1962 por Billy Blanco no samba \u201cJo\u00e3o da Silva\u201d. Desse disco RCA Victor tamb\u00e9m foi escalado o verso, matriz BE3VB-0186: o divertido \u201cCabritada mal sucedida\u201d, do pr\u00f3prio Geraldo com Wilton Wanderley. \u201cMaior desacerto\u201d, samba do pr\u00f3prio Geraldo mais Ary Garcia e A. J. C. Silva Jr., \u00e9 o lado B de \u201cOlha o pau peroba\u201d, disco Columbia CB-10010, editado em janeiro de 1954 para o carnaval, matriz CBO-148. Para finalizar, as duas faixas do Columbia CB-10070, lan\u00e7ado em agosto de 1954: o samba-choro \u201cProfessor de nata\u00e7\u00e3o\u201d, de Avarese (Abimael Nascimento \u00c1lvares, pernambucano do Recife) e Maur\u00edlio Santos, matriz CBO-269, e\u00a0\u00a0o samba \u201cJuraci\u201d, do pr\u00f3prio Geraldo sem parceiro, matriz CBO-270. \u00c9 a homenagem do GRB e do TM ao grande sambista que foi Geraldo Pereira. E logo, logo a gente volta a focaliz\u00e1-lo aqui, t\u00e1?<\/div>\n<div><\/div>\n<div><\/div>\n<div>*Texto de\u00a0\u00a0SAMUEL MACHADO FILHO.<\/div>\n","protected":false},"excerpt":{"rendered":"<p>Chegamos \u00e0 edi\u00e7\u00e3o de n\u00famero 70 do meu, do seu, do nosso Grand Record Brazil. Desta vez focalizamos outro grande sambista que marcou \u00e9poca na hist\u00f3ria de nossa m\u00fasica popular: Geraldo Pereira.\u00a0\u00a0Geraldo Teodoro Pereira (seu nome completo na pia batismal) &hellip; <a href=\"https:\/\/www.toque-musicall.com\/?p=3440\">Continue lendo <span class=\"meta-nav\">&rarr;<\/span><\/a><\/p>\n","protected":false},"author":1,"featured_media":0,"comment_status":"open","ping_status":"closed","sticky":false,"template":"","format":"standard","meta":{"footnotes":""},"categories":[11,117,13],"tags":[],"class_list":["post-3440","post","type-post","status-publish","format-standard","hentry","category-exclusivos-do-toque-musical","category-geraldo-pereira","category-selo-grand-record-brazil"],"_links":{"self":[{"href":"https:\/\/www.toque-musicall.com\/index.php?rest_route=\/wp\/v2\/posts\/3440","targetHints":{"allow":["GET"]}}],"collection":[{"href":"https:\/\/www.toque-musicall.com\/index.php?rest_route=\/wp\/v2\/posts"}],"about":[{"href":"https:\/\/www.toque-musicall.com\/index.php?rest_route=\/wp\/v2\/types\/post"}],"author":[{"embeddable":true,"href":"https:\/\/www.toque-musicall.com\/index.php?rest_route=\/wp\/v2\/users\/1"}],"replies":[{"embeddable":true,"href":"https:\/\/www.toque-musicall.com\/index.php?rest_route=%2Fwp%2Fv2%2Fcomments&post=3440"}],"version-history":[{"count":1,"href":"https:\/\/www.toque-musicall.com\/index.php?rest_route=\/wp\/v2\/posts\/3440\/revisions"}],"predecessor-version":[{"id":3443,"href":"https:\/\/www.toque-musicall.com\/index.php?rest_route=\/wp\/v2\/posts\/3440\/revisions\/3443"}],"wp:attachment":[{"href":"https:\/\/www.toque-musicall.com\/index.php?rest_route=%2Fwp%2Fv2%2Fmedia&parent=3440"}],"wp:term":[{"taxonomy":"category","embeddable":true,"href":"https:\/\/www.toque-musicall.com\/index.php?rest_route=%2Fwp%2Fv2%2Fcategories&post=3440"},{"taxonomy":"post_tag","embeddable":true,"href":"https:\/\/www.toque-musicall.com\/index.php?rest_route=%2Fwp%2Fv2%2Ftags&post=3440"}],"curies":[{"name":"wp","href":"https:\/\/api.w.org\/{rel}","templated":true}]}}