{"id":3450,"date":"2013-09-25T23:53:51","date_gmt":"2013-09-26T02:53:51","guid":{"rendered":"http:\/\/www.toque-musicall.com\/?p=3450"},"modified":"2013-09-26T09:00:22","modified_gmt":"2013-09-26T12:00:22","slug":"3450","status":"publish","type":"post","link":"https:\/\/www.toque-musicall.com\/?p=3450","title":{"rendered":"R\u00e9gis Duprat E Rog\u00e9rio Duprat &#8211; A Bela \u00c9poca Da M\u00fasica Brasileira (1978)"},"content":{"rendered":"<p><img loading=\"lazy\" decoding=\"async\" class=\"aligncenter\" alt=\"\" src=\"http:\/\/4.bp.blogspot.com\/-Dhr22NCBQL4\/UkQfqrVmGsI\/AAAAAAAAHjg\/J8i8Ro1y8hI\/s640\/capaP.JPG\" width=\"640\" height=\"633\" \/><img loading=\"lazy\" decoding=\"async\" class=\"aligncenter\" alt=\"\" src=\"http:\/\/2.bp.blogspot.com\/-yQd4XkCArC0\/UkQflYzsPoI\/AAAAAAAAHjY\/wORjrAH1GGk\/s640\/contrap.JPG\" width=\"640\" height=\"638\" \/><\/p>\n<div>Ol\u00e1 amigos cultos e ocultos! Sinceramente, \u00e0s vezes tenho a impress\u00e3o de que al\u00e9m do habitual h\u00e1 algo mais tramando contra mim. Ou melhor dizendo, contra o ritmo do nosso blog. Nesta semana eu tive que refazer por umas tr\u00eas vezes as postagens, tudo por conta do computador que trava e acaba me fazendo perder tudo. Aqui vou eu refazendo esta postagem&#8230; vamos l\u00e1&#8230;<\/div>\n<div>Temos para hoje a m\u00fasica feita no Brasil no final do s\u00e9culo XIX e in\u00edcio do s\u00e9culo XX, num per\u00edodo da Hist\u00f3ria conhecido como &#8220;Belle \u00c9poque&#8221;, express\u00e3o francesa que quer dizer bela \u00e9poca, um momento de muita agita\u00e7\u00e3o cultural na Europa, que veio a se refletir em outros cantos do mundo e principalmente o Brasil. Por aqui, a &#8220;Belle \u00c9poque Tropical&#8221; se estendeu at\u00e9 os anos 30.<\/div>\n<div>Como parte integrante da s\u00e9rie \u201cTr\u00eas S\u00e9culos de M\u00fasica Brasileira\u201d, criada e dirigida por Marcus Pereira, temos o exemplar, \u201cA Bela \u00c9poca da M\u00fasica Brasileira\u201d, fruto da pesquisa hist\u00f3rico-musical dos irm\u00e3os R\u00e9gis e Rog\u00e9rio Duprat, respons\u00e1veis tamb\u00e9m pela dire\u00e7\u00e3o musical deste disco. No \u00e1lbum iremos encontrar uma variedade de g\u00eaneros e ritmos comuns da \u00e9poca, que vai de 1870 a 1920. S\u00e3o regrava\u00e7\u00f5es revistas e reorquestradas pelos Duprat, de maneira mais fiel, nos oferecendo a atmosfera musical daquele momento. As faixas s\u00e3o todas instrumentais, exceto em \u201cDe que me serve esta vida\u201d e \u201cEu adoro\u201d, duas modinhas an\u00f4nimas interpretadas aqui por Luis Carlos S\u00e1 (da dupla S\u00e1 &amp; Guarabyra)<\/div>\n<div style=\"text-align: center;\"><\/div>\n<div style=\"text-align: center;\">desafio<\/div>\n<div style=\"text-align: center;\">abigail<\/div>\n<div style=\"text-align: center;\">tet\u00e9ia<\/div>\n<div style=\"text-align: center;\">voluptuosa<\/div>\n<div style=\"text-align: center;\">de que me serve esta vida<\/div>\n<div style=\"text-align: center;\">alerta rapaziada<\/div>\n<div style=\"text-align: center;\">ouverture n. 25<\/div>\n<div style=\"text-align: center;\">izaura magalh\u00e3es de carvalho<\/div>\n<div style=\"text-align: center;\">cavatinha<\/div>\n<div style=\"text-align: center;\">eu adoro<\/div>\n<div style=\"text-align: center;\">maria<\/div>\n<div style=\"text-align: center;\">\u00e9 s\u00f3 na ginga<\/div>\n<div style=\"text-align: center;\">.<\/div>\n<div style=\"text-align: center;\"><\/div>\n","protected":false},"excerpt":{"rendered":"<p>Ol\u00e1 amigos cultos e ocultos! Sinceramente, \u00e0s vezes tenho a impress\u00e3o de que al\u00e9m do habitual h\u00e1 algo mais tramando contra mim. Ou melhor dizendo, contra o ritmo do nosso blog. Nesta semana eu tive que refazer por umas tr\u00eas &hellip; <a href=\"https:\/\/www.toque-musicall.com\/?p=3450\">Continue lendo <span class=\"meta-nav\">&rarr;<\/span><\/a><\/p>\n","protected":false},"author":1,"featured_media":0,"comment_status":"open","ping_status":"closed","sticky":false,"template":"","format":"standard","meta":{"footnotes":""},"categories":[2242,465,152],"tags":[],"class_list":["post-3450","post","type-post","status-publish","format-standard","hentry","category-regis-duprat","category-rogerio-duprat","category-selo-copacabana"],"_links":{"self":[{"href":"https:\/\/www.toque-musicall.com\/index.php?rest_route=\/wp\/v2\/posts\/3450","targetHints":{"allow":["GET"]}}],"collection":[{"href":"https:\/\/www.toque-musicall.com\/index.php?rest_route=\/wp\/v2\/posts"}],"about":[{"href":"https:\/\/www.toque-musicall.com\/index.php?rest_route=\/wp\/v2\/types\/post"}],"author":[{"embeddable":true,"href":"https:\/\/www.toque-musicall.com\/index.php?rest_route=\/wp\/v2\/users\/1"}],"replies":[{"embeddable":true,"href":"https:\/\/www.toque-musicall.com\/index.php?rest_route=%2Fwp%2Fv2%2Fcomments&post=3450"}],"version-history":[{"count":3,"href":"https:\/\/www.toque-musicall.com\/index.php?rest_route=\/wp\/v2\/posts\/3450\/revisions"}],"predecessor-version":[{"id":3453,"href":"https:\/\/www.toque-musicall.com\/index.php?rest_route=\/wp\/v2\/posts\/3450\/revisions\/3453"}],"wp:attachment":[{"href":"https:\/\/www.toque-musicall.com\/index.php?rest_route=%2Fwp%2Fv2%2Fmedia&parent=3450"}],"wp:term":[{"taxonomy":"category","embeddable":true,"href":"https:\/\/www.toque-musicall.com\/index.php?rest_route=%2Fwp%2Fv2%2Fcategories&post=3450"},{"taxonomy":"post_tag","embeddable":true,"href":"https:\/\/www.toque-musicall.com\/index.php?rest_route=%2Fwp%2Fv2%2Ftags&post=3450"}],"curies":[{"name":"wp","href":"https:\/\/api.w.org\/{rel}","templated":true}]}}