{"id":3458,"date":"2013-09-27T09:56:29","date_gmt":"2013-09-27T12:56:29","guid":{"rendered":"http:\/\/www.toque-musicall.com\/?p=3458"},"modified":"2013-09-27T10:06:36","modified_gmt":"2013-09-27T13:06:36","slug":"vestidos-de-espaco-pipi-popo-1988","status":"publish","type":"post","link":"https:\/\/www.toque-musicall.com\/?p=3458","title":{"rendered":"Vestidos De Espa\u00e7o &#8211; Pipi Pop\u00f4 (1988)"},"content":{"rendered":"<p><img loading=\"lazy\" decoding=\"async\" class=\"aligncenter\" alt=\"\" src=\"http:\/\/1.bp.blogspot.com\/-aA_L0Uozz2E\/UkV_lUis5OI\/AAAAAAAAHk4\/qMJTbxv-_0U\/s640\/capap.JPG\" width=\"640\" height=\"640\" \/><img loading=\"lazy\" decoding=\"async\" class=\"aligncenter\" alt=\"\" src=\"http:\/\/2.bp.blogspot.com\/-HyXzil37CgQ\/UkV_gxVY_KI\/AAAAAAAAHkw\/zbJ05Z9chyM\/s640\/contrap.JPG\" width=\"639\" height=\"640\" \/><\/p>\n<div>Bom dia, amigos cultos e ocultos! Ontem eu vi no Facebook que o Charles Gavin postou um antigo v\u00eddeo, um programa da MTV, onde ele \u00e9 entrevistado pelo F\u00e1bio Massari em casa, mostrando sua cole\u00e7\u00e3o de discos. Entre tantos discos que foram mostrados por ele havia este EP, ou melhor dizendo, LP, com apenas duas faixas que poderiam ter sido impressas em um compacto. Acontece que em plena d\u00e9cada de 80 o vinil estava em baixa, mais ainda os compactos que pareciam j\u00e1 terem sido extintos. Foi ent\u00e3o a \u00e9poca dos discos de 12 polegas, mas com apenas uma m\u00fasica de cada lado, utilizados geralmente para os remix e demos. Creio que nessa \u00e9poca, j\u00e1 sucateada, a ind\u00fastria brasileira do vinil, n\u00e3o devia ter mais as formas de compacto, da\u00ed eles lan\u00e7avam o que antes viria em disco de 7 polegadas em um disco de formato long play. Este disco surgiu por acaso, do tempo livre e das pausas de grava\u00e7\u00e3o dos Tit\u00e3s durante a realiza\u00e7\u00e3o do \u00e1lbum &#8220;\u00d5 Bl\u00e9sh Blom&#8221;. Segundo Gavin, durante as pausas e em um outro est\u00fadio, diversos artistas da gravadora se reuniram para se descontrair, fazendo um som paralelo. Entre esses estavam tamb\u00e9m a Paula Toller, Jorge Mautner e outros. Criaram l\u00e1 essas duas divertidas m\u00fasicas, de autoria de Pepino Carnale, que receberam o aval do poderoso Antoine Midani para serem lan\u00e7adas em disco numa pequena edi\u00e7\u00e3o. Na \u00e9poca \u00a0do v\u00eddeo\/programa da MTV Gavin j\u00e1 dizia ser este um disco raro. Imagina hoje ent\u00e3o. Este que eu apresento pertecem ao amigo paulista\/mineiro Carlos, que deixou comigo por empr\u00e9stimo h\u00e1 mais de uns tr\u00eas anos. Prometi que um dia ainda eu lhe devolvo. E com certeza eu o farei. Por certo, estando comigo vai estar muito mais bem guardado do que se estivesse com ele. Sou o melhor banco de discos que existe \ud83d\ude42 Seu rendimento \u00e9 a certeza de que os discos estar\u00e3o sempre muito bem cuidados. E a taxas&#8230; oras&#8230; essas s\u00e3o as menores do mercado. S\u00f3 aviso que se o cliente n\u00e3o se manifestar anualmente, depois de cinco anos perde seus direitos, hehehe&#8230;<\/div>\n<div style=\"text-align: center;\"><\/div>\n<div style=\"text-align: center;\">\n<div>pipi pop\u00f4<\/div>\n<\/div>\n<div style=\"text-align: center;\">\n<div>a marcha do demo<\/div>\n<\/div>\n<div style=\"text-align: center;\"><\/div>\n<div style=\"text-align: center;\">\n<div>.<\/div>\n<div><\/div>\n<\/div>\n<div style=\"text-align: center;\"><\/div>\n","protected":false},"excerpt":{"rendered":"<p>Bom dia, amigos cultos e ocultos! Ontem eu vi no Facebook que o Charles Gavin postou um antigo v\u00eddeo, um programa da MTV, onde ele \u00e9 entrevistado pelo F\u00e1bio Massari em casa, mostrando sua cole\u00e7\u00e3o de discos. Entre tantos discos &hellip; <a href=\"https:\/\/www.toque-musicall.com\/?p=3458\">Continue lendo <span class=\"meta-nav\">&rarr;<\/span><\/a><\/p>\n","protected":false},"author":1,"featured_media":0,"comment_status":"open","ping_status":"closed","sticky":false,"template":"","format":"standard","meta":{"footnotes":""},"categories":[252],"tags":[],"class_list":["post-3458","post","type-post","status-publish","format-standard","hentry","category-selo-wea"],"_links":{"self":[{"href":"https:\/\/www.toque-musicall.com\/index.php?rest_route=\/wp\/v2\/posts\/3458","targetHints":{"allow":["GET"]}}],"collection":[{"href":"https:\/\/www.toque-musicall.com\/index.php?rest_route=\/wp\/v2\/posts"}],"about":[{"href":"https:\/\/www.toque-musicall.com\/index.php?rest_route=\/wp\/v2\/types\/post"}],"author":[{"embeddable":true,"href":"https:\/\/www.toque-musicall.com\/index.php?rest_route=\/wp\/v2\/users\/1"}],"replies":[{"embeddable":true,"href":"https:\/\/www.toque-musicall.com\/index.php?rest_route=%2Fwp%2Fv2%2Fcomments&post=3458"}],"version-history":[{"count":3,"href":"https:\/\/www.toque-musicall.com\/index.php?rest_route=\/wp\/v2\/posts\/3458\/revisions"}],"predecessor-version":[{"id":3463,"href":"https:\/\/www.toque-musicall.com\/index.php?rest_route=\/wp\/v2\/posts\/3458\/revisions\/3463"}],"wp:attachment":[{"href":"https:\/\/www.toque-musicall.com\/index.php?rest_route=%2Fwp%2Fv2%2Fmedia&parent=3458"}],"wp:term":[{"taxonomy":"category","embeddable":true,"href":"https:\/\/www.toque-musicall.com\/index.php?rest_route=%2Fwp%2Fv2%2Fcategories&post=3458"},{"taxonomy":"post_tag","embeddable":true,"href":"https:\/\/www.toque-musicall.com\/index.php?rest_route=%2Fwp%2Fv2%2Ftags&post=3458"}],"curies":[{"name":"wp","href":"https:\/\/api.w.org\/{rel}","templated":true}]}}