{"id":346,"date":"2011-09-02T01:29:00","date_gmt":"2011-09-02T01:29:00","guid":{"rendered":"http:\/\/www.toque-musicall.com\/?p=346"},"modified":"2011-09-02T01:29:00","modified_gmt":"2011-09-02T01:29:00","slug":"os-cariocas-a-bossa-dos-cariocas-1963-repost","status":"publish","type":"post","link":"https:\/\/www.toque-musicall.com\/?p=346","title":{"rendered":"Os Cariocas &#8211; A Bossa Dos Cariocas (1963) REPOST"},"content":{"rendered":"<p><a href=\"http:\/\/3.bp.blogspot.com\/_DSKVEvHtskc\/S7HQmes62EI\/AAAAAAAAGXU\/NT4JsgV2xdk\/s1600\/os+Cariocas+P.JPG\"><img decoding=\"async\" alt=\"\" border=\"0\" id=\"BLOGGER_PHOTO_ID_5454369983217457218\" src=\"http:\/\/3.bp.blogspot.com\/_DSKVEvHtskc\/S7HQmes62EI\/AAAAAAAAGXU\/NT4JsgV2xdk\/s400\/os+Cariocas+P.JPG\" style=\"cursor: hand; display: block; height: 399px; margin: 0px auto 10px; text-align: center; width: 400px;\" \/><\/a><a href=\"http:\/\/www.mediafire.com\/?xbabfgnenizji3b\"> E<\/a>is aqui um disquinho o qual eu sempre quis t\u00ea-lo na lista de postagens do Toque Musical. S\u00f3 n\u00e3o o fiz antes devido \u00e0s diversas fontes espalhadas na blogosfera. Mas de uns tempos para c\u00e1 eu tenho deixado de lado essa preocupa\u00e7\u00e3o, bem porque, tamb\u00e9m n\u00e3o tenho tido tempo para ficar verificando se j\u00e1 foi ou n\u00e3o postado por algu\u00e9m. O importante, na verdade, \u00e9 que coisas boas continuem circulando acesses\u00edveis para todos.<br \/>Segue ent\u00e3o &#8220;A Bossa dos Cariocas&#8221;, um disco emblem\u00e1tico, fundamental em qualquer discoteca que se preze, seja ela em vinil, cd ou arquivo digital. Este foi o primeiro \u00e1lbum do quarteto com uma nova forma\u00e7\u00e3o. Podemos dizer que foi a fase de renova\u00e7\u00e3o do grupo estreando em um \u00e1lbum inteiramente dedicado \u00e0 Bossa Nova. Um disco, segundo o pr\u00f3prio Severino Filho, sem o m\u00ednimo de concess\u00e3o comercial. Feito ao gosto do grupo, sem interfer\u00eancias da gravadora. Geralmente \u00e9 assim mesmo, quando o artista tem qualidades natas e o deixam se manifestar, sempre teremos um bom trabalho. Ta\u00ed um \u00e1lbum que merece ser sempre lembrado. J\u00e1 ouviu?<\/p>\n<div align=\"center\">pr\u00e1 que chorar<\/div>\n<div align=\"center\">rio<\/div>\n<div align=\"center\">garota de ipanema<\/div>\n<div align=\"center\">anjinho bossa nova<\/div>\n<div align=\"center\">samba de uma nota s\u00f3<\/div>\n<div align=\"center\">devagar com a lou\u00e7a<\/div>\n<div align=\"center\">amanhecendo<\/div>\n<div align=\"center\">samba do avi\u00e3o<\/div>\n<div align=\"center\">menina certinha<\/div>\n<div align=\"center\">o amor em paz<\/div>\n<div align=\"center\">desafinado<\/div>\n<div align=\"center\">s\u00f3 dan\u00e7o samba<\/p>\n<p>PS.: VAI L\u00c1 EM CASA OUVIR ESTE DISCO, EU FA\u00c7O UMA C\u00d3PIA PARA VOC\u00ca!<\/p><\/div>\n<div align=\"center\"><\/div>\n<div align=\"center\"><\/div>\n","protected":false},"excerpt":{"rendered":"<p>Eis aqui um disquinho o qual eu sempre quis t\u00ea-lo na lista de postagens do Toque Musical. S\u00f3 n\u00e3o o fiz antes devido \u00e0s diversas fontes espalhadas na blogosfera. Mas de uns tempos para c\u00e1 eu tenho deixado de lado &hellip; <a href=\"https:\/\/www.toque-musicall.com\/?p=346\">Continue lendo <span class=\"meta-nav\">&rarr;<\/span><\/a><\/p>\n","protected":false},"author":1,"featured_media":0,"comment_status":"open","ping_status":"closed","sticky":false,"template":"","format":"standard","meta":{"footnotes":""},"categories":[290,48],"tags":[],"class_list":["post-346","post","type-post","status-publish","format-standard","hentry","category-os-cariocas","category-selo-philips"],"_links":{"self":[{"href":"https:\/\/www.toque-musicall.com\/index.php?rest_route=\/wp\/v2\/posts\/346","targetHints":{"allow":["GET"]}}],"collection":[{"href":"https:\/\/www.toque-musicall.com\/index.php?rest_route=\/wp\/v2\/posts"}],"about":[{"href":"https:\/\/www.toque-musicall.com\/index.php?rest_route=\/wp\/v2\/types\/post"}],"author":[{"embeddable":true,"href":"https:\/\/www.toque-musicall.com\/index.php?rest_route=\/wp\/v2\/users\/1"}],"replies":[{"embeddable":true,"href":"https:\/\/www.toque-musicall.com\/index.php?rest_route=%2Fwp%2Fv2%2Fcomments&post=346"}],"version-history":[{"count":0,"href":"https:\/\/www.toque-musicall.com\/index.php?rest_route=\/wp\/v2\/posts\/346\/revisions"}],"wp:attachment":[{"href":"https:\/\/www.toque-musicall.com\/index.php?rest_route=%2Fwp%2Fv2%2Fmedia&parent=346"}],"wp:term":[{"taxonomy":"category","embeddable":true,"href":"https:\/\/www.toque-musicall.com\/index.php?rest_route=%2Fwp%2Fv2%2Fcategories&post=346"},{"taxonomy":"post_tag","embeddable":true,"href":"https:\/\/www.toque-musicall.com\/index.php?rest_route=%2Fwp%2Fv2%2Ftags&post=346"}],"curies":[{"name":"wp","href":"https:\/\/api.w.org\/{rel}","templated":true}]}}