{"id":3468,"date":"2013-09-29T19:24:41","date_gmt":"2013-09-29T22:24:41","guid":{"rendered":"http:\/\/www.toque-musicall.com\/?p=3468"},"modified":"2013-09-29T19:24:41","modified_gmt":"2013-09-29T22:24:41","slug":"12-toques-musicais-com-oscar-castro-neves-2013","status":"publish","type":"post","link":"https:\/\/www.toque-musicall.com\/?p=3468","title":{"rendered":"12 Toques Musicais Com Oscar Castro Neves (2013)"},"content":{"rendered":"<p><img loading=\"lazy\" decoding=\"async\" class=\"aligncenter\" alt=\"\" src=\"http:\/\/3.bp.blogspot.com\/-M5fbRt5vmq8\/UkinpmFGCYI\/AAAAAAAAHmE\/txGfE1fJ_yY\/s640\/CAPAP.JPG\" width=\"640\" height=\"640\" \/><img loading=\"lazy\" decoding=\"async\" class=\"aligncenter\" alt=\"\" src=\"http:\/\/2.bp.blogspot.com\/-eLVj8odbtuk\/Ukim0aTFesI\/AAAAAAAAHl8\/VUZPDdg5lgc\/s640\/CONTRACAPAP.JPG\" width=\"640\" height=\"640\" \/>Boa noite, amigos cultos e ocultos. Aqui estamos em mais um domingo, hoje, inesperadamente chuvoso. Aproveito que tudo est\u00e1 calmo, para preparar minha homenagem a um dos grandes nomes da gera\u00e7\u00e3o Bossa Nova, Oscar Castro Neves, falecido h\u00e1 dois dias atr\u00e1s, Infelizmente, l\u00e1 se foi mais um importante m\u00fasico brasileiro. Este \u00e9 um que eu n\u00e3o poderia deixar de lembrar em nosso toque musical. Criei assim esta pequena colet\u00e2nea com m\u00fasicas extra\u00eddas de alguns de seus discos. Podia ter sido mais extensa a colet\u00e2nea, mas preferi me conter em apenas doze m\u00fasicas, visto que seus discos se encontram a venda (no mercado internacional, claro). O importante \u00e9 termos deixado aqui a nossa homenagem. Valeu, Oscar Castro Neves!<\/p>\n<div>\n<div style=\"text-align: center;\">manh\u00e3 de carnaval &#8211; prelude #3<\/div>\n<\/div>\n<div style=\"text-align: center;\">\n<div>zel\u00e3o<\/div>\n<\/div>\n<div style=\"text-align: center;\">\n<div>caruso<\/div>\n<\/div>\n<div style=\"text-align: center;\">\n<div>por causa de voc\u00ea<\/div>\n<\/div>\n<div style=\"text-align: center;\">\n<div>chega de saudade<\/div>\n<\/div>\n<div style=\"text-align: center;\">\n<div>canto triste<\/div>\n<\/div>\n<div style=\"text-align: center;\">\n<div>feitico da vila<\/div>\n<\/div>\n<div style=\"text-align: center;\">\n<div>auda de matem\u00e1tica<\/div>\n<\/div>\n<div style=\"text-align: center;\">\n<div>coisa mais linda<\/div>\n<\/div>\n<div style=\"text-align: center;\">\n<div>groovin&#8217; high-whispering<\/div>\n<\/div>\n<div style=\"text-align: center;\">\n<div>samba de uma nota s\u00f3<\/div>\n<\/div>\n<div style=\"text-align: center;\">\n<div>feitio de ora\u00e7\u00e3o<\/div>\n<\/div>\n<div style=\"text-align: center;\">\n<div><\/div>\n<\/div>\n<div>\n<div style=\"text-align: center;\">.<\/div>\n<\/div>\n","protected":false},"excerpt":{"rendered":"<p>Boa noite, amigos cultos e ocultos. Aqui estamos em mais um domingo, hoje, inesperadamente chuvoso. Aproveito que tudo est\u00e1 calmo, para preparar minha homenagem a um dos grandes nomes da gera\u00e7\u00e3o Bossa Nova, Oscar Castro Neves, falecido h\u00e1 dois dias &hellip; <a href=\"https:\/\/www.toque-musicall.com\/?p=3468\">Continue lendo <span class=\"meta-nav\">&rarr;<\/span><\/a><\/p>\n","protected":false},"author":1,"featured_media":0,"comment_status":"open","ping_status":"closed","sticky":false,"template":"","format":"standard","meta":{"footnotes":""},"categories":[11,361],"tags":[],"class_list":["post-3468","post","type-post","status-publish","format-standard","hentry","category-exclusivos-do-toque-musical","category-oscar-castro-neves"],"_links":{"self":[{"href":"https:\/\/www.toque-musicall.com\/index.php?rest_route=\/wp\/v2\/posts\/3468","targetHints":{"allow":["GET"]}}],"collection":[{"href":"https:\/\/www.toque-musicall.com\/index.php?rest_route=\/wp\/v2\/posts"}],"about":[{"href":"https:\/\/www.toque-musicall.com\/index.php?rest_route=\/wp\/v2\/types\/post"}],"author":[{"embeddable":true,"href":"https:\/\/www.toque-musicall.com\/index.php?rest_route=\/wp\/v2\/users\/1"}],"replies":[{"embeddable":true,"href":"https:\/\/www.toque-musicall.com\/index.php?rest_route=%2Fwp%2Fv2%2Fcomments&post=3468"}],"version-history":[{"count":1,"href":"https:\/\/www.toque-musicall.com\/index.php?rest_route=\/wp\/v2\/posts\/3468\/revisions"}],"predecessor-version":[{"id":3470,"href":"https:\/\/www.toque-musicall.com\/index.php?rest_route=\/wp\/v2\/posts\/3468\/revisions\/3470"}],"wp:attachment":[{"href":"https:\/\/www.toque-musicall.com\/index.php?rest_route=%2Fwp%2Fv2%2Fmedia&parent=3468"}],"wp:term":[{"taxonomy":"category","embeddable":true,"href":"https:\/\/www.toque-musicall.com\/index.php?rest_route=%2Fwp%2Fv2%2Fcategories&post=3468"},{"taxonomy":"post_tag","embeddable":true,"href":"https:\/\/www.toque-musicall.com\/index.php?rest_route=%2Fwp%2Fv2%2Ftags&post=3468"}],"curies":[{"name":"wp","href":"https:\/\/api.w.org\/{rel}","templated":true}]}}