{"id":3471,"date":"2013-09-30T20:15:27","date_gmt":"2013-09-30T23:15:27","guid":{"rendered":"http:\/\/www.toque-musicall.com\/?p=3471"},"modified":"2013-09-30T20:15:27","modified_gmt":"2013-09-30T23:15:27","slug":"moreira-da-silva-selecao-78-rpm-do-toque-musical-vol-71-2013","status":"publish","type":"post","link":"https:\/\/www.toque-musicall.com\/?p=3471","title":{"rendered":"Moreira Da Silva &#8211; Sele\u00e7\u00e3o 78 RPM Do Toque Musical &#8211; Vol. 71 (2013)"},"content":{"rendered":"<p><img loading=\"lazy\" decoding=\"async\" class=\"aligncenter\" alt=\"\" src=\"http:\/\/1.bp.blogspot.com\/-2k5F4am0di8\/UkoD1ynPoHI\/AAAAAAAAHm0\/_b1viPifx7I\/s640\/CAPAP.JPG\" width=\"640\" height=\"640\" \/><img loading=\"lazy\" decoding=\"async\" class=\"aligncenter\" alt=\"\" src=\"http:\/\/2.bp.blogspot.com\/-LI64yRgmoAw\/UkoDwkGm2_I\/AAAAAAAAHms\/ers-Btep5EY\/s640\/CONTRACAPAP.JPG\" width=\"640\" height=\"640\" \/><\/p>\n<div>Continuando sua vitoriosa trajet\u00f3ria, o Grand Record Brazil chega a sua edi\u00e7\u00e3o n\u00famero 71, desta vez homenageando o eterno e festejado rei do samba de breque: Moreira da Silva!<\/div>\n<div>Batizado como Ant\u00f4nio Moreira da Silva, nosso biografado nasceu, e isso n\u00e3o \u00e9 nenhuma mentira, no dia primeiro de abril de 1902, no bairro carioca da Tijuca, tendo sido criado no morro do Salgueiro. Era o filho mais velho de Bernardino de Sousa Paranhos, trombonista da Pol\u00edcia Militar, e Pauladina de Assis Moreira (sim, o nome dela era Pauladina mesmo!). Moreira tinha 11 anos quando teve a infelicidade de perder seu pai, o que o obrigou a abandonar precocemente a escola para ingressar no mercado de trabalho. Foi empregado de f\u00e1bricas de cigarros e tecelagens, e tamb\u00e9m motorista de pra\u00e7a (comprou um t\u00e1xi aos 19 anos) e de ambul\u00e2ncia, tendo-se casado em 1928. Ao mesmo tempo, freq\u00fcentava rodas de malandros e bo\u00eamios.<\/div>\n<div>Em 1932, Moreira lan\u00e7a seu primeiro disco, na Odeon, interpretando dois pontos der macumba de Get\u00falio \u201cAmor\u201d Marinho: \u201cErer\u00ea\u201d e \u201cRei de umbanda\u201d. Mais tarde, obt\u00e9m seu primeiro grande sucesso, na Columbia, com o samba \u201cArrasta a sand\u00e1lia\u201d, uma das m\u00fasicas mais cantadas no carnaval de 1933. Outros sucessos, al\u00e9m dos presentes nesta edi\u00e7\u00e3o do GRB: \u201cImplorar\u201d, \u201cJogo proibido\u201d, \u201cNa subida do morro\u201d, \u201cAmigo urso\u201d, \u201cDoutor em futebol\u201d, \u201c\u00c9 batucada\u201d, \u201cO rei do gatilho\u201d (com o qual ganhou o apelido de Kid Morenguera), \u201cO \u00faltimo dos moicanos\u201d, \u201cOs intoc\u00e1veis\u201d (inspirado no seriado americano de TV de mesmo nome), \u201cMorenguera contra\u00a0007\u201d, \u201cO sequestro de Ringo\u201d, \u201cSupermorenguera\u201d (que gravou em dupla com Cyro Aguiar), etc. Seu \u00faltimo trabalho em disco, lan\u00e7ado em 1995, foi o CD \u201cOs tr\u00eas malandros in concert\u201d, gravado juntamente com Bezerra da Silva e Dicr\u00f3, uma brincadeira com os \u201ctr\u00eas tenores\u201d, Luciano Pavarotti, Jos\u00e9 Carreras e Pl\u00e1cido Domingo.<\/div>\n<div>Segundo os que conheceram o grande Morenguera, sua imagem de malandro e bo\u00eamio n\u00e3o passava de um tipo, um personagem. Era um cidad\u00e3o exemplar, de vida regrada, n\u00e3o bebia, n\u00e3o fumava, e sempre cumpriu \u00e0 risca seus deveres, em uma trajet\u00f3ria de vida longa e repleta de acontecimentos surpreendentes. Primeiramente como seresteiro, depois como um aut\u00eantico mestre do samba de breque, tornou-se um verdadeiro mito, uma aut\u00eantica unanimidade na hist\u00f3ria da m\u00fasica popular brasileira. Moreira da Silva faleceu no dia 6 de junho de 2000,\u00a0em seu Riode Janeiro natal, v\u00edtima de fal\u00eancia m\u00faltipla de \u00f3rg\u00e3os.<\/div>\n<div>Para esta edi\u00e7\u00e3o do GRB, foram pin\u00e7adas treze faixas de excelente qualidade, uma sele\u00e7\u00e3o que agradar\u00e1 a todos aqueles que conhecem o trabalho do grande Morenguera e vai permitir os que n\u00e3o conhecem de desfrutar um pouco de seu trabalho. Para come\u00e7ar, temos \u201cEsta noite eu tive um sonho\u201d, que o pr\u00f3prio Moreira assina com Wilson Batista, grava\u00e7\u00e3o Victor lan\u00e7ada em junho de 1941, disco 34754-A. Mostra como um alem\u00e3o \u00e9 enganado no jogo de chapinha, no qual se usavam tr\u00eas tampinhas de cerveja, com um miolo de p\u00e3o dentro de uma delas. \u201cAntes por\u00e9m\u201d leva a assinatura de Djalma Mafra e Cyro Monteiro, e saiu pela Odeon em junho de 1943, com o n\u00famero 12315-A. \u201cAcertei no milhar\u201d \u00e9 um cl\u00e1ssico indiscut\u00edvel, assinado por Geraldo Pereira e Wilson Batista, tendo sido editado pela mesma Odeon em agosto de 1940 sob n\u00famero 11883-B. Teve regrava\u00e7\u00f5es pelo pr\u00f3prio Moreira e por Jorge Veiga, entre outros. \u201cOlha a cara dela\u201d \u00e9 uma marchinha do Morenguera em parceria com Geraldo Pereira, e saiu pela Victor bem em cima do carnaval de 1941, em fevereiro, sob n.o 34717-A. Ismael Silva e Jos\u00e9 de Almeida assinam \u201cMaestro, toque aquela\u201d, editado pela Odeon em dezembro de 1943, visando evidentemente o carnaval de 44, sob n.o 12390-B. Desse disco tamb\u00e9m foi escalado o lado A, \u201cSamba pro concurso\u201d (faixa 10 de nossa sele\u00e7\u00e3o), outra parceria do Morenguera com Geraldo Pereira. \u201cCom a\u00e7\u00facar\u201d, a faixa 6, \u00e9 tamb\u00e9m do Moreira, em parceria com Darcy de Oliveira, e saiu pela Victor em dezembro de 1940 para o carnaval de 41, com o n\u00famero 34686-B. \u201cO que tem Iai\u00e1\u201d, de Get\u00falio \u201cAmor\u201d Marinho e Antonico do Samba, \u00e9 de 1937, lan\u00e7ado pela Columbia sob n.o 8249-B. \u201cAmor\u201d tamb\u00e9m assina sozinho \u201cNa Favela\u201d, lan\u00e7ado pela Odeon em 1932 com o n\u00famero 10896-A. Em seguida temos o lado B, \u201cEu sou \u00e9 bamba\u201d, do mesm\u00edssimo autor. \u201cNicolau\u201d \u00e9 de Jo\u00e3o da Baiana e Ari Monteiro, e saiu pela Odeon bem em cima do carnaval de 1942, em fevereiro, com o n.o 12107-A. Para finalizar, dois sambas de Geraldo Pereira em parceria com o pr\u00f3prio Morenguera, gravados na Odeon: \u201cLembran\u00e7as da Bahia\u201d, parceria com o pr\u00f3prio Morenguera, editado em agosto de 1942 com o n.o 12186-A, e \u201cVoz do morro\u201d, lan\u00e7ado para o carnaval de 1943, em janeiro, sob n.o 12252-B. Uma homenagem \u00e0 altura que o GRB presta ao eterno Moreira da Silva, que foi, \u00e9 e sempre ser\u00e1 \u201co tal\u201d!<\/div>\n<div><\/div>\n<div>Texto de SAMEUL MACHADO FILHO<\/div>\n","protected":false},"excerpt":{"rendered":"<p>Continuando sua vitoriosa trajet\u00f3ria, o Grand Record Brazil chega a sua edi\u00e7\u00e3o n\u00famero 71, desta vez homenageando o eterno e festejado rei do samba de breque: Moreira da Silva! Batizado como Ant\u00f4nio Moreira da Silva, nosso biografado nasceu, e isso &hellip; <a href=\"https:\/\/www.toque-musicall.com\/?p=3471\">Continue lendo <span class=\"meta-nav\">&rarr;<\/span><\/a><\/p>\n","protected":false},"author":1,"featured_media":0,"comment_status":"open","ping_status":"closed","sticky":false,"template":"","format":"standard","meta":{"footnotes":""},"categories":[746,13],"tags":[],"class_list":["post-3471","post","type-post","status-publish","format-standard","hentry","category-moreira-da-silva","category-selo-grand-record-brazil"],"_links":{"self":[{"href":"https:\/\/www.toque-musicall.com\/index.php?rest_route=\/wp\/v2\/posts\/3471","targetHints":{"allow":["GET"]}}],"collection":[{"href":"https:\/\/www.toque-musicall.com\/index.php?rest_route=\/wp\/v2\/posts"}],"about":[{"href":"https:\/\/www.toque-musicall.com\/index.php?rest_route=\/wp\/v2\/types\/post"}],"author":[{"embeddable":true,"href":"https:\/\/www.toque-musicall.com\/index.php?rest_route=\/wp\/v2\/users\/1"}],"replies":[{"embeddable":true,"href":"https:\/\/www.toque-musicall.com\/index.php?rest_route=%2Fwp%2Fv2%2Fcomments&post=3471"}],"version-history":[{"count":1,"href":"https:\/\/www.toque-musicall.com\/index.php?rest_route=\/wp\/v2\/posts\/3471\/revisions"}],"predecessor-version":[{"id":3474,"href":"https:\/\/www.toque-musicall.com\/index.php?rest_route=\/wp\/v2\/posts\/3471\/revisions\/3474"}],"wp:attachment":[{"href":"https:\/\/www.toque-musicall.com\/index.php?rest_route=%2Fwp%2Fv2%2Fmedia&parent=3471"}],"wp:term":[{"taxonomy":"category","embeddable":true,"href":"https:\/\/www.toque-musicall.com\/index.php?rest_route=%2Fwp%2Fv2%2Fcategories&post=3471"},{"taxonomy":"post_tag","embeddable":true,"href":"https:\/\/www.toque-musicall.com\/index.php?rest_route=%2Fwp%2Fv2%2Ftags&post=3471"}],"curies":[{"name":"wp","href":"https:\/\/api.w.org\/{rel}","templated":true}]}}