{"id":348,"date":"2011-09-02T01:27:00","date_gmt":"2011-09-02T01:27:00","guid":{"rendered":"http:\/\/www.toque-musicall.com\/?p=348"},"modified":"2021-08-16T15:22:18","modified_gmt":"2021-08-16T18:22:18","slug":"sergio-reis-1973-repost","status":"publish","type":"post","link":"https:\/\/www.toque-musicall.com\/?p=348","title":{"rendered":"Sergio Reis (1973) CANCELADO!!!"},"content":{"rendered":"\n<figure class=\"wp-block-image size-large\"><img decoding=\"async\" src=\"https:\/\/3.bp.blogspot.com\/_DSKVEvHtskc\/S8so1fhQKDI\/AAAAAAAAGbk\/WlwwH4Jt_4E\/s400\/sergio+reis+P.JPG\" alt=\"\"\/><\/figure>\n\n\n\n<figure class=\"wp-block-image size-large\"><img decoding=\"async\" src=\"https:\/\/1.bp.blogspot.com\/-FXYOgXaSoYg\/YRqRaq62f5I\/AAAAAAAAUQ8\/WQgi4fVqukAGkQuAD4lbUluqw0-KHW2NACLcBGAsYHQ\/w640-h426\/CANCELADO.jpg\" alt=\"\"\/><\/figure>\n\n\n<div>Putz! Que legal, ultrapassamos \u00e0 casa dos 300 seguidores do blog. Isso \u00e9 mesmo muito representativo. Uma prova de que muita gente acompanha o Toque Musical. E com um detalhe: sem for\u00e7a\u00e7\u00e3o de barra. Tenho certeza que aqueles que aqui est\u00e3o, o fazem porque realmente se interessam pelo conte\u00fado do blog. Agrade\u00e7o imensamente a aten\u00e7\u00e3o. Espero a cada nova postagem continuar fazendo jus ao sucesso alcan\u00e7ado. Muito obrigado! \ud83d\ude42<\/div>\n<div>QUANTO A POSTAGEM QUE ESTAVA AQUI, FOI JUSTAMENTE RETIRADA, POIS N\u00c3O DAMOS DESTAQUE PARA ARTISTAS CRETINOS, VENDIDOS, APOIADORES DE UM (DES)GOVERNO GENOCIDA. FIGURAS COMO ESSA MERECEM O NOSSO DESPREZO E POR CONSEQUENCIA SEREM ESQUECIDOS. ESSE IDIOTA CAGOU EM SUA PR\u00d3PRIA BIOGRAFIA, RASGOU A SUA HIST\u00d3RIA. VAI SER LEMBRADO COMO UM TRAIDOR. MENINO DA PORTEIRA AGORA \u00c9 O FILHO DO CAPETA QUE O AGUARDA NA PORTA DO INFERNO. AQUI VOC\u00ca N\u00c3O CANTA MAIS!<\/div>\n<div>\u00a0<\/div>\n<div>Augusto TM\u00a0<\/div>\n<div>\u00a0<\/div>","protected":false},"excerpt":{"rendered":"<p>Putz! Que legal, ultrapassamos \u00e0 casa dos 300 seguidores do blog. Isso \u00e9 mesmo muito representativo. Uma prova de que muita gente acompanha o Toque Musical. E com um detalhe: sem for\u00e7a\u00e7\u00e3o de barra. Tenho certeza que aqueles que aqui &hellip; <a href=\"https:\/\/www.toque-musicall.com\/?p=348\">Continue lendo <span class=\"meta-nav\">&rarr;<\/span><\/a><\/p>\n","protected":false},"author":1,"featured_media":0,"comment_status":"open","ping_status":"closed","sticky":false,"template":"","format":"standard","meta":{"footnotes":""},"categories":[70,570],"tags":[],"class_list":["post-348","post","type-post","status-publish","format-standard","hentry","category-selo-rca-victor","category-sergio-reis"],"_links":{"self":[{"href":"https:\/\/www.toque-musicall.com\/index.php?rest_route=\/wp\/v2\/posts\/348","targetHints":{"allow":["GET"]}}],"collection":[{"href":"https:\/\/www.toque-musicall.com\/index.php?rest_route=\/wp\/v2\/posts"}],"about":[{"href":"https:\/\/www.toque-musicall.com\/index.php?rest_route=\/wp\/v2\/types\/post"}],"author":[{"embeddable":true,"href":"https:\/\/www.toque-musicall.com\/index.php?rest_route=\/wp\/v2\/users\/1"}],"replies":[{"embeddable":true,"href":"https:\/\/www.toque-musicall.com\/index.php?rest_route=%2Fwp%2Fv2%2Fcomments&post=348"}],"version-history":[{"count":5,"href":"https:\/\/www.toque-musicall.com\/index.php?rest_route=\/wp\/v2\/posts\/348\/revisions"}],"predecessor-version":[{"id":8721,"href":"https:\/\/www.toque-musicall.com\/index.php?rest_route=\/wp\/v2\/posts\/348\/revisions\/8721"}],"wp:attachment":[{"href":"https:\/\/www.toque-musicall.com\/index.php?rest_route=%2Fwp%2Fv2%2Fmedia&parent=348"}],"wp:term":[{"taxonomy":"category","embeddable":true,"href":"https:\/\/www.toque-musicall.com\/index.php?rest_route=%2Fwp%2Fv2%2Fcategories&post=348"},{"taxonomy":"post_tag","embeddable":true,"href":"https:\/\/www.toque-musicall.com\/index.php?rest_route=%2Fwp%2Fv2%2Ftags&post=348"}],"curies":[{"name":"wp","href":"https:\/\/api.w.org\/{rel}","templated":true}]}}