{"id":3483,"date":"2013-10-06T23:48:52","date_gmt":"2013-10-07T02:48:52","guid":{"rendered":"http:\/\/www.toque-musicall.com\/?p=3483"},"modified":"2013-10-06T23:48:52","modified_gmt":"2013-10-07T02:48:52","slug":"carlos-careqa-os-homens-sao-todos-iguais-1993","status":"publish","type":"post","link":"https:\/\/www.toque-musicall.com\/?p=3483","title":{"rendered":"Carlos Careqa &#8211; Os Homens S\u00e3o Todos Iguais (1993)"},"content":{"rendered":"<p><img loading=\"lazy\" decoding=\"async\" class=\"aligncenter\" alt=\"\" src=\"http:\/\/1.bp.blogspot.com\/-UKRuYlk9s2o\/UlIUf8G9eBI\/AAAAAAAAHno\/HbUWV9qLR14\/s640\/capaP.JPG\" width=\"640\" height=\"637\" \/><img loading=\"lazy\" decoding=\"async\" class=\"aligncenter\" alt=\"\" src=\"http:\/\/2.bp.blogspot.com\/-5rCUryu5dCo\/UlIUbDWWbWI\/AAAAAAAAHng\/W1sNcln6rMc\/s640\/contrap.JPG\" width=\"637\" height=\"640\" \/><\/p>\n<p>Boa noite, amigos cultos e ocultos! Aqui estou eu, sem mais aviso pr\u00e9vio e sem tarefas di\u00e1rias. Sigo agora nas postagens de acordo com a minha vontade e meu tempo livre. Isso \u00e9 muito bom, pois n\u00e3o fico mais ancioso ou preocupado, pensando em qual vai ser o disco do dia. Agora eu inverti, qual vai ser o dia do disco \ud83d\ude09<br \/>\nPara encerrar de vez esse domingo, vou deixando aqui postado este \u00e1lbum independente do cantor e compositor catarinense, Carlos Careqa. &#8220;Os homens s\u00e3o todos iguais&#8221; foi um \u00e1lbum lan\u00e7ado em 1993. Creio eu que foi este o primeiro \u00e1lbum do Careqa. Nele h\u00e1 algumas m\u00fasicas que marcaram \u00e9poca, pelo menos para mim. Come\u00e7ando por &#8220;N\u00e3o d\u00ea pipocas aos turistas&#8221;, uma vis\u00e3o t\u00e3o divertida de Curitiba que vale at\u00e9 um repeteco. &#8220;Acho&#8221; \u00e9 outra m\u00fasica que eu tamb\u00e9m adoro, com uma letra bem criativa. Ali\u00e1s, este \u00e9 o grande m\u00e9rito do Carlos Careqa, letras bem constru\u00eddas, com tiradas inteligentes e po\u00e9ticas. H\u00e1 outras m\u00fasicas tamb\u00e9m muito boas que fazem deste um de seus melhores oito discos \ud83d\ude42 H\u00e1 nele a participa\u00e7\u00e3o especial de figuras como Arrigo Barnab\u00e9 e o falecido Itamar Assump\u00e7\u00e3o. Com mais esses aditivos, n\u00e3o h\u00e1 o que duvidar da qualidade deste trabalho. Muito bom e eu recomento \ud83d\ude09<\/p>\n<div style=\"text-align: center;\">n\u00e3o d\u00ea pipoca ao turista<\/div>\n<div style=\"text-align: center;\">acho<\/div>\n<div style=\"text-align: center;\">os homens s\u00e3o todos iguais<\/div>\n<div style=\"text-align: center;\">subway<\/div>\n<div style=\"text-align: center;\">a \u00faltima quimera de s.a.p<\/div>\n<div style=\"text-align: center;\">o outro lado<\/div>\n<div style=\"text-align: center;\">n\u00e3o d\u00ea pipoca ao turista II<\/div>\n<div style=\"text-align: center;\">alles plastik<\/div>\n<div style=\"text-align: center;\">menudo&#8217;s theme<\/div>\n<div style=\"text-align: center;\">t\u00e1 na cara que \u00e9<\/div>\n<div style=\"text-align: center;\">deus n\u00e3o pensa<\/div>\n<div style=\"text-align: center;\">cidade<\/div>\n<div style=\"text-align: center;\"><\/div>\n<div style=\"text-align: center;\">.<\/div>\n","protected":false},"excerpt":{"rendered":"<p>Boa noite, amigos cultos e ocultos! Aqui estou eu, sem mais aviso pr\u00e9vio e sem tarefas di\u00e1rias. Sigo agora nas postagens de acordo com a minha vontade e meu tempo livre. Isso \u00e9 muito bom, pois n\u00e3o fico mais ancioso &hellip; <a href=\"https:\/\/www.toque-musicall.com\/?p=3483\">Continue lendo <span class=\"meta-nav\">&rarr;<\/span><\/a><\/p>\n","protected":false},"author":1,"featured_media":0,"comment_status":"open","ping_status":"closed","sticky":false,"template":"","format":"standard","meta":{"footnotes":""},"categories":[2246,25],"tags":[],"class_list":["post-3483","post","type-post","status-publish","format-standard","hentry","category-carlos-careqa","category-selo-independente"],"_links":{"self":[{"href":"https:\/\/www.toque-musicall.com\/index.php?rest_route=\/wp\/v2\/posts\/3483","targetHints":{"allow":["GET"]}}],"collection":[{"href":"https:\/\/www.toque-musicall.com\/index.php?rest_route=\/wp\/v2\/posts"}],"about":[{"href":"https:\/\/www.toque-musicall.com\/index.php?rest_route=\/wp\/v2\/types\/post"}],"author":[{"embeddable":true,"href":"https:\/\/www.toque-musicall.com\/index.php?rest_route=\/wp\/v2\/users\/1"}],"replies":[{"embeddable":true,"href":"https:\/\/www.toque-musicall.com\/index.php?rest_route=%2Fwp%2Fv2%2Fcomments&post=3483"}],"version-history":[{"count":1,"href":"https:\/\/www.toque-musicall.com\/index.php?rest_route=\/wp\/v2\/posts\/3483\/revisions"}],"predecessor-version":[{"id":3486,"href":"https:\/\/www.toque-musicall.com\/index.php?rest_route=\/wp\/v2\/posts\/3483\/revisions\/3486"}],"wp:attachment":[{"href":"https:\/\/www.toque-musicall.com\/index.php?rest_route=%2Fwp%2Fv2%2Fmedia&parent=3483"}],"wp:term":[{"taxonomy":"category","embeddable":true,"href":"https:\/\/www.toque-musicall.com\/index.php?rest_route=%2Fwp%2Fv2%2Fcategories&post=3483"},{"taxonomy":"post_tag","embeddable":true,"href":"https:\/\/www.toque-musicall.com\/index.php?rest_route=%2Fwp%2Fv2%2Ftags&post=3483"}],"curies":[{"name":"wp","href":"https:\/\/api.w.org\/{rel}","templated":true}]}}