{"id":3487,"date":"2013-10-07T23:33:18","date_gmt":"2013-10-08T02:33:18","guid":{"rendered":"http:\/\/www.toque-musicall.com\/?p=3487"},"modified":"2013-10-14T06:40:04","modified_gmt":"2013-10-14T09:40:04","slug":"odete-amaral-parte-1-selecao-78-rpm-do-toque-musical-vol-73-2013","status":"publish","type":"post","link":"https:\/\/www.toque-musicall.com\/?p=3487","title":{"rendered":"Odete Amaral (Parte 1) &#8211; Sele\u00e7\u00e3o 78 RPM Do Toque Musical &#8211; Vol. 72 (2013)"},"content":{"rendered":"<p><img loading=\"lazy\" decoding=\"async\" class=\"aligncenter\" alt=\"\" src=\"http:\/\/4.bp.blogspot.com\/-2ZZcoj7EiGQ\/UlNtpzLxCMI\/AAAAAAAAHoQ\/VJzwP3t7W5A\/s640\/CAPAp.JPG\" width=\"640\" height=\"640\" \/><img loading=\"lazy\" decoding=\"async\" class=\"aligncenter\" alt=\"\" src=\"http:\/\/1.bp.blogspot.com\/-GCFTuvKYCcM\/UlNtlrYqf9I\/AAAAAAAAHoI\/WlGRhX3WcUk\/s640\/CONTRACAPA1p.JPG\" width=\"640\" height=\"640\" \/><\/p>\n<div itemprop=\"articleBody\">\n<div>Esta semana o Grand Record Brazil apresenta a primeira de duas partes de uma retrospectiva dedicada \u00e0 cantora que ganhou o slogan de \u201ca voz tropical do Brasil\u201d: Odete Amaral.\u00a0\u00a0Nossa biografada veio ao mundo na cidade de Niter\u00f3i, litoral fluminense, no dia 28 abril de 1937, e era a filha ca\u00e7ula do casal de lavradores Alfredo Amaral e Albertina Ferreira do Amaral. Quando ela tinha um ano de vida, a fam\u00edlia mudou-se para o Rio, ent\u00e3o a Capital da Rep\u00fablica, onde seu pai se empregou como caminhoneiro.\u00a0\u00a0Aos seis anos, ingressou no Col\u00e9gio Uruguai, onde fez o curso prim\u00e1rio completo. Em 1929, empregou-se como bordadeira na Am\u00e9ricas Fabril, continuando seus estudos no per\u00edodo noturno. Dona de bela e primorosa voz, era sempre convidada a cantar no teatro da escola, e em festas de anivers\u00e1rio. Foi a\u00ed que sua irm\u00e3, que sempre a admirava, e muito, levou-a para a R\u00e1dio Guanabara, em 1935, para fazer um teste.\u00a0\u00a0Acompanhada pelo pianista Felisberto Martins, interpretou o samba \u201cMinha embaixada chegou\u201d, de Assis Valente, hit de ent\u00e3o na voz de C\u00e1rmen Miranda. Aprovada pelo diretor da emissora, Alberto Manes, Odete \u00e9 de pronto escalada para o \u201dPrograma suburbano\u201d,\u00a0\u00a0onde tamb\u00e9m batiam ponto nomes como S\u00edlvio Caldas, Mar\u00edla Batista, Noel Rosa, Linda e Dircinha Batista, e Almirante. Por iniciativa deste \u00faltimo, passa a se apresentar tamb\u00e9m na R\u00e1dio Clube do Brasil. Ainda em 1935, participa da inaugura\u00e7\u00e3o do Cassino Atl\u00e2ntico e apresenta-se em r\u00e1dios como Ipanema, Sociedade, Philips e Cruzeiro do Sul, al\u00e9m de atuar em uma revista no Teatro Jo\u00e3o Caetano interpretando a marchinha \u201cGanhou mas n\u00e3o leva\u201d, de M\u00edlton Amaral. \u00c9 ele quem assina as m\u00fasicas do primeiro disco de Odete,\u00a0gravado na Odeon em 1936, apresentando os sambas \u201cPalha\u00e7o\u201d (parceria com Roberto Cunha) e \u201cDengoso\u201d.\u00a0\u00a0No mesmo ano, assina seu primeiro contrato profissional, com a R\u00e1dio Mayrink Veiga, e participa do filme \u201cBonequinha de seda\u201d, produ\u00e7\u00e3o da Cin\u00e9dia, onde, um ano depois, far\u00e1 outra produ\u00e7\u00e3o cinematogr\u00e1fica, \u201cO samba da vida\u201d. Ainda em 1936, participa da inaugura\u00e7\u00e3o da PRE-8, R\u00e1dio Nacional, e \u00e9 levada por Ary Barroso para a Victor, onde ela estreia com duas m\u00fasicas do mestre de Ub\u00e1\u00a0\u00a0para o carnaval de 1937, a marchinha \u201cColibri\u201d e a batucada \u201cFoi de madrugada\u201d.\u00a0\u00a0Em 1938, casou-se com o cantor Cyro Monteiro, da uni\u00e3o, que durou onze anos, resultando um filho, Cyro Monteiro J\u00fanior. Odete e Cyro fariam in\u00fameras apresenta\u00e7\u00f5es juntos por todo o pa\u00eds. A cantora teve tamb\u00e9m uma curta passagem pela Columbia, voltando \u00e0 Odeon em 1941. Gravou ainda nos selos Star, Todam\u00e9rica, Polydor, Copacabana, RMS e Carper, entre outros. Entre seus hits destacam-se \u201cN\u00e3o pago o bonde\u201d, \u201cMurmurando\u201d , \u201cA batucada come\u00e7ou\u201d e \u201cChicletes com banana\u201d.\u00a0\u00a0Em 1939, Odete Amaral muda-se para S\u00e3o Paulo, contratada pela R\u00e1dio Cultura, onde permanece um ano e meio, e em 1941 volta ao Rio de Janeiro natal e \u00e0 R\u00e1dio Mayrink Veiga, onde permanece seis anos, indo depois para a Mundial e, em 1951, para a Tupi (\u201co cacique do ar\u201d).\u00a0\u00a0Gravou tamb\u00e9m LPs, e um dos mais interessantes foi \u201cDo outro lado da vida \u2013 Os que perderam a liberdade contam sua hist\u00f3ria\u201d, ao lado do filho Cyro Monteiro J\u00fanior, em que ambos interpretam m\u00fasicas compostas por presidi\u00e1rios do Rio e de S\u00e3o Paulo. Em 1968, gravou o \u00e1lbum \u201cFala, Mangueira!\u201d, a lado de Cartola, Carlos Cacha\u00e7a, N\u00e9lson Cavaquinho e Clementina de Jesus. Em 1975, participou de uma s\u00e9rie de 30 programas da R\u00e1dio MEC, \u201cMPB 100 ao vivo\u201d, na qual, ao lado de Paulo Marqu\u00eas, interpretava hits dos anos 1930. Da s\u00e9rie resultaram oito \u00e1lbuns produzidos por Ricardo Cravo Albim. Em 1977, Odete e Paulo, mais o flautista Altamiro Carrilho, participam do show \u201cCaf\u00e9 Nice\u201d, igualmente produzido por Cravo Albim. Falecida no dia 11 de outubro de 1984, aos 67 anos, Odete Amaral, embora n\u00e3o tenha atingido o estrelato de outras cantoras de sua \u00e9poca\u00a0\u00a0(C\u00e1rmen Miranda, Aracy de Almeida, irm\u00e3s Batista), \u00e9 ainda hoje considerada uma das melhores int\u00e9rpretes brasileiras dos anos 1930 e de todos os tempos. E isso come\u00e7aremos a constatar nesta primeira parte da retrospectiva que o GRB lhe dedica, apresentando 12 grava\u00e7\u00f5es suas na Odeon e na Victor. Para come\u00e7ar, a divertida marchinha \u201cVitaminas\u201d, de Amaro Silva, Djalma Mafra e Dom\u00edcio Augusto, grava\u00e7\u00e3o Odeon de 11 de novembro de 1942, lan\u00e7ada em janeiro de 43, para o carnaval, logicamente, com o n\u00famero 12244-A, matriz 7137 (a vitamina T, de trabalho, ainda incomoda muita gente&#8230;). Temos tamb\u00e9m aqui, na faixa 5, o verso desse disco, matriz 7131: o samba \u201cVoc\u00ea quis\u201d, de Nicola Bruni e Alvaiade, gravado seis dias antes, ou seja, a 5 de novembro. A faixa 2 nos traz o sambatucada\u00a0\u00a0\u201c\u00c9 mato\u201d, tamb\u00e9m de Alvaiade, agora com Wilson Batista, grava\u00e7\u00e3o Odeon de 13 de outubro de 1941, lan\u00e7ada em dezembro seguinte para a folia de 42, disco 12071-B, matriz 6806. Geraldo Pereira e Djalma Mafra assinam o samba da faixa 3, \u201cJamais acontecer\u00e1\u201d, gravado por Odete na \u201cmarca do templo\u201d em 9 de novembro de 1943 e lan\u00e7ado em janeiro de 44, tamb\u00e9m para o carnaval, sob n.o 12398-B, matriz 7421. A faixa 4 \u00e9 o samba \u201cVem, amor\u201d, de Jorge de Castro, Isa\u00edas Ferreira e En\u00e9zio Silva, gravado igualmente na Odeon em 4 de novembro de 1953 e lan\u00e7ado para a folia momesca de 54, em janeiro, disco 13580-B, matriz 9963. Na faixa 6, temos uma marchinha de meio-de-ano, \u201cEta Rio\u201d, de Nicola Bruni, Alvaiade A. F. Silva, gravada em 20 de agosto de 1943 e lan\u00e7ada pela Odeon em outubro seguinte com o n.o 12359-A, matriz 7365. O samba \u201cPor causa de algu\u00e9m\u201d leva a respeit\u00e1vel assinatura de Ismael Silva, em grava\u00e7\u00e3o de 6 de abril de 1942, lan\u00e7ada pela \u201cmarca do templo\u201d em junho seguinte com o n.o 12157-B, matriz 6932. Da fase de Odete Amaral na Victor \u00e9 \u201cChinelo velho\u201d, samba de Wilson Batista e Marino Pinto, grava\u00e7\u00e3o de 14 de outubro de 1940, lan\u00e7ada ainda em dezembro para o carnaval de 41, disco 34683-B, matriz 52023. O l\u00edrico samba-can\u00e7\u00e3o \u201cHist\u00f3ria de crian\u00e7a\u201d, tamb\u00e9m de Wilson Batista, agora em parceria com Germano Augusto, teve sua grava\u00e7\u00e3o em\u00a0\u00a010 de maio de 1940, com lan\u00e7amento pela marca do cachorrinho Nipper em julho seguinte sob n.o 34683-B, matriz 33426. Em seguida temos o lado A, matriz 33425, outra composi\u00e7\u00e3o do mestre Wilson Batista com Marino Pinto, o samba \u201cDepois da discuss\u00e3o\u201d.\u00a0\u00a0Wilson Batista tamb\u00e9m assina, agora com outro mestre, Ataulfo Alves, o samba \u201cQuando dei adeus\u201d, grava\u00e7\u00e3o Victor de 18 de novembro de 1939, lan\u00e7ada em janeiro de 40 para o carnaval sob n.o 34558-B, matriz 33281. Para finalizar, e tamb\u00e9m em clima carnavalesco, a marchinha \u201cO gato e o rato\u201d, outra m\u00fasica de Wilson Batista, agora acompanhado por Arn\u00f4 Canegal e Augusto Garcez, tamb\u00e9m para a folia de 1940, gravada igualmente na Victor em 24 de outubro de 39 e lan\u00e7ada um m\u00eas antes do carnaval, em janeiro, sob n.o 34542-A, matriz 33241. E semana que vem a gente se encontra com mais Odete Amaral. At\u00e9 l\u00e1!<\/div>\n<div><\/div>\n<div>* Texto de SAMUEL MACHADO FILHO<\/div>\n<div><\/div>\n<\/div>\n<div><\/div>\n","protected":false},"excerpt":{"rendered":"<p>Esta semana o Grand Record Brazil apresenta a primeira de duas partes de uma retrospectiva dedicada \u00e0 cantora que ganhou o slogan de \u201ca voz tropical do Brasil\u201d: Odete Amaral.\u00a0\u00a0Nossa biografada veio ao mundo na cidade de Niter\u00f3i, litoral fluminense, &hellip; <a href=\"https:\/\/www.toque-musicall.com\/?p=3487\">Continue lendo <span class=\"meta-nav\">&rarr;<\/span><\/a><\/p>\n","protected":false},"author":1,"featured_media":0,"comment_status":"open","ping_status":"closed","sticky":false,"template":"","format":"standard","meta":{"footnotes":""},"categories":[11,1733,13],"tags":[],"class_list":["post-3487","post","type-post","status-publish","format-standard","hentry","category-exclusivos-do-toque-musical","category-odete-amaral","category-selo-grand-record-brazil"],"_links":{"self":[{"href":"https:\/\/www.toque-musicall.com\/index.php?rest_route=\/wp\/v2\/posts\/3487","targetHints":{"allow":["GET"]}}],"collection":[{"href":"https:\/\/www.toque-musicall.com\/index.php?rest_route=\/wp\/v2\/posts"}],"about":[{"href":"https:\/\/www.toque-musicall.com\/index.php?rest_route=\/wp\/v2\/types\/post"}],"author":[{"embeddable":true,"href":"https:\/\/www.toque-musicall.com\/index.php?rest_route=\/wp\/v2\/users\/1"}],"replies":[{"embeddable":true,"href":"https:\/\/www.toque-musicall.com\/index.php?rest_route=%2Fwp%2Fv2%2Fcomments&post=3487"}],"version-history":[{"count":2,"href":"https:\/\/www.toque-musicall.com\/index.php?rest_route=\/wp\/v2\/posts\/3487\/revisions"}],"predecessor-version":[{"id":3504,"href":"https:\/\/www.toque-musicall.com\/index.php?rest_route=\/wp\/v2\/posts\/3487\/revisions\/3504"}],"wp:attachment":[{"href":"https:\/\/www.toque-musicall.com\/index.php?rest_route=%2Fwp%2Fv2%2Fmedia&parent=3487"}],"wp:term":[{"taxonomy":"category","embeddable":true,"href":"https:\/\/www.toque-musicall.com\/index.php?rest_route=%2Fwp%2Fv2%2Fcategories&post=3487"},{"taxonomy":"post_tag","embeddable":true,"href":"https:\/\/www.toque-musicall.com\/index.php?rest_route=%2Fwp%2Fv2%2Ftags&post=3487"}],"curies":[{"name":"wp","href":"https:\/\/api.w.org\/{rel}","templated":true}]}}