{"id":349,"date":"2011-09-02T01:27:00","date_gmt":"2011-09-02T01:27:00","guid":{"rendered":"http:\/\/www.toque-musicall.com\/?p=349"},"modified":"2011-09-02T01:27:00","modified_gmt":"2011-09-02T01:27:00","slug":"nara-leao-nara-pede-passagem-1966-repost","status":"publish","type":"post","link":"https:\/\/www.toque-musicall.com\/?p=349","title":{"rendered":"Nara Le\u00e3o &#8211; Nara Pede Passagem (1966) REPOST"},"content":{"rendered":"<p><a href=\"http:\/\/3.bp.blogspot.com\/_DSKVEvHtskc\/S9gQpgXmzEI\/AAAAAAAAGdw\/6Y09b0Mr_rs\/s1600\/folder.jpg\"><img decoding=\"async\" alt=\"\" border=\"0\" id=\"BLOGGER_PHOTO_ID_5465136453063724098\" src=\"http:\/\/3.bp.blogspot.com\/_DSKVEvHtskc\/S9gQpgXmzEI\/AAAAAAAAGdw\/6Y09b0Mr_rs\/s400\/folder.jpg\" style=\"cursor: hand; display: block; height: 391px; margin: 0px auto 10px; text-align: center; width: 400px;\" \/><\/a><a href=\"http:\/\/www.mediafire.com\/?j7hb8rebt7u0d93\"> O<\/a>l\u00e1s! Para n\u00e3o deixar de chover no molhado, aqui venho eu com mais um cl\u00e1ssico disco dos anos 60. Escolhi para hoje este lp por duas raz\u00f5es, a primeira \u00e9 porque se trata de um disco da Nara dos que eu mais gosto. Tenho ele na lembran\u00e7a de bons momentos. Me recordo que, ainda na inf\u00e2ncia (pr\u00e9 adolesc\u00eancia, melhor dizendo), costum\u00e1vamos brincar, falando e rindo da foto da capa. A gente dizia que a Nara era a irm\u00e3 do Spock, aquele personagem de orelhas pontudas do seriado de fic\u00e7\u00e3o cient\u00edfica, &#8220;Jornada nas estrelas&#8221;. Sempre me lembro disso e dou boas risadas. Ela est\u00e1 realmente parecendo uma vulcaniana. Mas longe de tudo isso, havia tamb\u00e9m o lado musical, as m\u00fasicas de Chico Buarque, que nessa altura j\u00e1 era o artista mais popular l\u00e1 em casa. Foi muito gra\u00e7as \u00e0 Nara Le\u00e3o que passei a conhecer e gostar mais de samba, dos verdadeiros sambistas dos morros cariocas. Sem d\u00favida, este disco \u00e9 uma j\u00f3ia. Al\u00e9m do Chico tem tamb\u00e9m a estr\u00e9ia de Sidney Miller com a m\u00fasica que d\u00e1 nome ao disco. Tem Noel, Vin\u00edcius e Baden, Jards Macal\u00e9, Paulinho da Viola, Elton Medeiros, Nelson Cavaquinho e seu parceiro Guilherme de Brito. Como se l\u00ea e todos j\u00e1 sabem, Nara vem muito bem apoiada. O texto de contracapa \u00e9 do poeta Ferreira Gullar. O \u00e1lbum \u00e9 produzido por Dori Caymmi e a reg\u00eancia \u00e9 do maestro Gaya.<br \/>A segunda raz\u00e3o, agora que cheguei at\u00e9 aqui, j\u00e1 n\u00e3o \u00e9 mais motivo. Seria apenas para justificar a minha pressa. Eu n\u00e3o pensava em me estender tanto&#8230;<\/p>\n<div align=\"center\"><\/div>\n<div align=\"center\">pede passagem<\/div>\n<div align=\"center\">ol\u00ea ol\u00e1<\/div>\n<div align=\"center\">amei tanto<\/div>\n<div align=\"center\">palmares<\/div>\n<div align=\"center\">recado<\/div>\n<div align=\"center\">amo tanto<\/div>\n<div align=\"center\">pedro pedreiro<\/div>\n<div align=\"center\">quatro crioulos<\/div>\n<div align=\"center\">pranto de poeta<\/div>\n<div align=\"center\">madalena foi pro mar<\/div>\n<div align=\"center\">pecadora <\/div>\n<div align=\"center\">deus me perdoe<\/p>\n<p>PS.: VAI L\u00c1 EM CASA OUVIR ESTE DISCO, EU FA\u00c7O UMA C\u00d3PIA PARA VOC\u00ca!<\/p><\/div>\n<div align=\"center\"><\/div>\n","protected":false},"excerpt":{"rendered":"<p>Ol\u00e1s! Para n\u00e3o deixar de chover no molhado, aqui venho eu com mais um cl\u00e1ssico disco dos anos 60. Escolhi para hoje este lp por duas raz\u00f5es, a primeira \u00e9 porque se trata de um disco da Nara dos que &hellip; <a href=\"https:\/\/www.toque-musicall.com\/?p=349\">Continue lendo <span class=\"meta-nav\">&rarr;<\/span><\/a><\/p>\n","protected":false},"author":1,"featured_media":0,"comment_status":"open","ping_status":"closed","sticky":false,"template":"","format":"standard","meta":{"footnotes":""},"categories":[288,48],"tags":[],"class_list":["post-349","post","type-post","status-publish","format-standard","hentry","category-nara-leao","category-selo-philips"],"_links":{"self":[{"href":"https:\/\/www.toque-musicall.com\/index.php?rest_route=\/wp\/v2\/posts\/349","targetHints":{"allow":["GET"]}}],"collection":[{"href":"https:\/\/www.toque-musicall.com\/index.php?rest_route=\/wp\/v2\/posts"}],"about":[{"href":"https:\/\/www.toque-musicall.com\/index.php?rest_route=\/wp\/v2\/types\/post"}],"author":[{"embeddable":true,"href":"https:\/\/www.toque-musicall.com\/index.php?rest_route=\/wp\/v2\/users\/1"}],"replies":[{"embeddable":true,"href":"https:\/\/www.toque-musicall.com\/index.php?rest_route=%2Fwp%2Fv2%2Fcomments&post=349"}],"version-history":[{"count":0,"href":"https:\/\/www.toque-musicall.com\/index.php?rest_route=\/wp\/v2\/posts\/349\/revisions"}],"wp:attachment":[{"href":"https:\/\/www.toque-musicall.com\/index.php?rest_route=%2Fwp%2Fv2%2Fmedia&parent=349"}],"wp:term":[{"taxonomy":"category","embeddable":true,"href":"https:\/\/www.toque-musicall.com\/index.php?rest_route=%2Fwp%2Fv2%2Fcategories&post=349"},{"taxonomy":"post_tag","embeddable":true,"href":"https:\/\/www.toque-musicall.com\/index.php?rest_route=%2Fwp%2Fv2%2Ftags&post=349"}],"curies":[{"name":"wp","href":"https:\/\/api.w.org\/{rel}","templated":true}]}}