{"id":3491,"date":"2013-10-10T22:49:00","date_gmt":"2013-10-11T01:49:00","guid":{"rendered":"http:\/\/www.toque-musicall.com\/?p=3491"},"modified":"2013-10-10T22:49:00","modified_gmt":"2013-10-11T01:49:00","slug":"fellini-3-lugares-diferentes-1987","status":"publish","type":"post","link":"https:\/\/www.toque-musicall.com\/?p=3491","title":{"rendered":"Fellini &#8211; 3 Lugares Diferentes (1987)"},"content":{"rendered":"<p><img loading=\"lazy\" decoding=\"async\" class=\"aligncenter\" alt=\"\" src=\"http:\/\/2.bp.blogspot.com\/-Y7On43xrH2c\/UlagnT9GjaI\/AAAAAAAAHow\/SMQUBwRloNk\/s640\/capaP.JPG\" width=\"640\" height=\"631\" \/><img loading=\"lazy\" decoding=\"async\" class=\"aligncenter\" alt=\"\" src=\"http:\/\/3.bp.blogspot.com\/-k4ihO44vtBw\/UlagfKmSuKI\/AAAAAAAAHoo\/3evIb6Q4U0o\/s640\/contraP.JPG\" width=\"628\" height=\"640\" \/><\/p>\n<p>Ol\u00e1 amigos cultos e ocultos, bom dia! Pelo visto, creio que muitos por aqui ainda n\u00e3o se tocaram com rela\u00e7\u00e3o as mudan\u00e7as que tenho feito. Eu at\u00e9 entendo, pois sei que a maioria que passa por aqui t\u00eam pregui\u00e7a de ler. Preferem escrever solicitando algo ou perguntando aquilo que n\u00e3o leram. Bom, mais uma vez eu informo: N\u00c3O ESTAREI MAIS REPONDO LINKS PEDIDOS A PARTIR DE OUTUBRO. APENAS AQUELES (MILHARES) QUE FORAM SOLICITADOS ANTES DISSO TER\u00c3O REPOSI\u00c7\u00c3O NO GTM. NO MAIS, ESTAR\u00c3O APENAS OS LINKS DAS POSTAGENS RECENTE E (OBVIAMENTE) DE ACORDO COM O TEMPO LIMITADO PELO PROVEDOR DE ACESSO. FORA DESSE PADR\u00c3O, S\u00d3 NA BASE DE &#8216;SERVI\u00c7O PRESTADO&#8217;. INTERESSADOS, FA\u00c7AM CONTATO ATRAV\u00c9S DE E-MAIL (toquelinkmusical@gmail.com).<br \/>\nOk, vamos ao disco do dia. Hoje eu trago para voc\u00eas a banda paulista Fellini, forma nos anos 80 por Cad\u00e3o Volpato, Thomas Pappon, Jair Marcos e Ricardo Salvagni. &#8220;3 Lugares Diferentes&#8221; foi o terceiro disco \u00a0do grupo, lan\u00e7ado em 1987 pelo selo independente Baratos Afins. De quarteto inicial, passaram a dupla no segundo disco (apenas Cat\u00e3o e Thomas Pappon) e a trio neste trabalho, com a volta de Salvagni.<br \/>\n\u00c9 claro que tamb\u00e9m eles sempre contam com colaboradores, as participa\u00e7\u00f5es de outros m\u00fasicos. O Fellini viria ainda a gravar mais discos e tamb\u00e9m participar de colet\u00e2neas nacionais e internacionais. Para muitos f\u00e3s da banda, este \u00e9 seu disco mais experimental e inovador. Gosto, em especial, de &#8220;Teu ingl\u00eas&#8221;. Mas no geral, o disco \u00e9 muito bom. Eu recomendo&#8230;<\/p>\n<div style=\"text-align: center;\">ambos mundos<\/div>\n<div style=\"text-align: center;\">rosas<\/div>\n<div style=\"text-align: center;\">la paz song<\/div>\n<div style=\"text-align: center;\">teu ingl\u00eas<\/div>\n<div style=\"text-align: center;\">zum zum zum zum zazoeira<\/div>\n<div style=\"text-align: center;\">pai<\/div>\n<div style=\"text-align: center;\">valsa de la revolucion<\/div>\n<div style=\"text-align: center;\">massacres da coletiviza\u00e7\u00e3o<\/div>\n<div style=\"text-align: center;\">rio-bahia<\/div>\n<div style=\"text-align: center;\">lavorare stanca<\/div>\n<div style=\"text-align: center;\">onde o sol se esconde<\/div>\n<div style=\"text-align: center;\"><\/div>\n<div style=\"text-align: center;\">.<\/div>\n<div style=\"text-align: center;\"><\/div>\n","protected":false},"excerpt":{"rendered":"<p>Ol\u00e1 amigos cultos e ocultos, bom dia! Pelo visto, creio que muitos por aqui ainda n\u00e3o se tocaram com rela\u00e7\u00e3o as mudan\u00e7as que tenho feito. Eu at\u00e9 entendo, pois sei que a maioria que passa por aqui t\u00eam pregui\u00e7a de &hellip; <a href=\"https:\/\/www.toque-musicall.com\/?p=3491\">Continue lendo <span class=\"meta-nav\">&rarr;<\/span><\/a><\/p>\n","protected":false},"author":1,"featured_media":0,"comment_status":"open","ping_status":"closed","sticky":false,"template":"","format":"standard","meta":{"footnotes":""},"categories":[2247,98],"tags":[],"class_list":["post-3491","post","type-post","status-publish","format-standard","hentry","category-fellini","category-selo-baratos-afins"],"_links":{"self":[{"href":"https:\/\/www.toque-musicall.com\/index.php?rest_route=\/wp\/v2\/posts\/3491","targetHints":{"allow":["GET"]}}],"collection":[{"href":"https:\/\/www.toque-musicall.com\/index.php?rest_route=\/wp\/v2\/posts"}],"about":[{"href":"https:\/\/www.toque-musicall.com\/index.php?rest_route=\/wp\/v2\/types\/post"}],"author":[{"embeddable":true,"href":"https:\/\/www.toque-musicall.com\/index.php?rest_route=\/wp\/v2\/users\/1"}],"replies":[{"embeddable":true,"href":"https:\/\/www.toque-musicall.com\/index.php?rest_route=%2Fwp%2Fv2%2Fcomments&post=3491"}],"version-history":[{"count":1,"href":"https:\/\/www.toque-musicall.com\/index.php?rest_route=\/wp\/v2\/posts\/3491\/revisions"}],"predecessor-version":[{"id":3494,"href":"https:\/\/www.toque-musicall.com\/index.php?rest_route=\/wp\/v2\/posts\/3491\/revisions\/3494"}],"wp:attachment":[{"href":"https:\/\/www.toque-musicall.com\/index.php?rest_route=%2Fwp%2Fv2%2Fmedia&parent=3491"}],"wp:term":[{"taxonomy":"category","embeddable":true,"href":"https:\/\/www.toque-musicall.com\/index.php?rest_route=%2Fwp%2Fv2%2Fcategories&post=3491"},{"taxonomy":"post_tag","embeddable":true,"href":"https:\/\/www.toque-musicall.com\/index.php?rest_route=%2Fwp%2Fv2%2Ftags&post=3491"}],"curies":[{"name":"wp","href":"https:\/\/api.w.org\/{rel}","templated":true}]}}