{"id":3495,"date":"2013-10-12T09:33:26","date_gmt":"2013-10-12T12:33:26","guid":{"rendered":"http:\/\/www.toque-musicall.com\/?p=3495"},"modified":"2013-10-12T09:33:26","modified_gmt":"2013-10-12T12:33:26","slug":"jose-vasconcelos-conta-historias-de-bichos-1962","status":"publish","type":"post","link":"https:\/\/www.toque-musicall.com\/?p=3495","title":{"rendered":"Jos\u00e9 Vasconcelos Conta Hist\u00f3rias De Bichos (1962)"},"content":{"rendered":"<p><img loading=\"lazy\" decoding=\"async\" class=\"aligncenter\" alt=\"\" src=\"http:\/\/3.bp.blogspot.com\/-6Vq_FPny6A4\/UlkxFS7TDTI\/AAAAAAAAHpM\/3c3PtIWbnT8\/s640\/capa+p.JPG\" width=\"640\" height=\"629\" \/><img loading=\"lazy\" decoding=\"async\" class=\"aligncenter\" alt=\"\" src=\"http:\/\/2.bp.blogspot.com\/-4Ifc62C6lWA\/Ulkw--DQ8LI\/AAAAAAAAHpE\/uW4BKQYO7wI\/s640\/contra.JPG\" width=\"636\" height=\"640\" \/><\/p>\n<p>Bom dia crian\u00e7ada culta e oculta! Com tantas manifesta\u00e7\u00f5es relacionadas ao ao universo infantil e principalmente por conta de ser hoje o Dia das Crian\u00e7as, aqui vamos n\u00f3s com uma homenagem a altura e bem ao gosto do Toque Musical. Apesar de reduzir o fluxo de postagens, o TM n\u00e3o p\u00e1ra e continua mandando v\u00ea&#8230; e ouvir, claro!<br \/>\nOlha a\u00ed, que legal! Trago para voc\u00eas este raro e interesant\u00edssimo lp do saudoso comediante Jos\u00e9 Vasconcellos, figura que foi muito popular, principalmente nos anos 60. Este \u00e1lbum tem um qu\u00ea de especial porque n\u00e3o se resume apenas a mais um disco do humorista. Trata-se de um disco voltado para o p\u00fablico infantil. As m\u00fasicas s\u00e3o cria\u00e7\u00f5es do maestro Lindolfo Gaya, com letras de Pascoal Longo. Eu mesmo, quando crian\u00e7a, ouvi este disco at\u00e9 acabar e sabia at\u00e9 cantar as m\u00fasicas de introdu\u00e7\u00e3o. Ta\u00ed outro e importante valor agregado, a cada hist\u00f3ria contada pelo Z\u00e9, vem de abertura um trecho musical cantado por algumas estrelas do &#8216;cast&#8217; da Odeon na \u00e9poca. Da\u00ed, j\u00e1 deu para perceber&#8230; Celly Campello, Moreira da Silva, An\u00edsio Silva, Stellinha Egg, Elza Soares, Noriel Vilela, Trio Irakitan, Norma Bengell e at\u00e9 o Jo\u00e3o Gilberto. Curiosamente, tem por a\u00ed alguns f\u00e3s do Jo\u00e3o que nunca ouviram essa faceta, v\u00e3o gostar. \u00cb nessa hora que eu fico pensando e me perguntando, quando que a ind\u00fastria fonogr\u00e1fica conseguiria repetir algo parecido, ou, do mesmo n\u00edvel. Ah, que bobinho sou eu&#8230; isso tudo j\u00e1 \u00e9 coisa do passado. (acho que \u00e9 por isso que eu sou t\u00e3o saudosista)<\/p>\n<div style=\"text-align: center;\">o presunto do jacar\u00e9 &#8211; celly campello<\/div>\n<div style=\"text-align: center;\">a roupa do le\u00e3o &#8211; jo\u00e3o gilberto<\/div>\n<div style=\"text-align: center;\">o elefante tarzan &#8211; noriel vilela<\/div>\n<div style=\"text-align: center;\">vicente, o peru diferente &#8211; norma bengell<\/div>\n<div style=\"text-align: center;\">o rato cangaceiro &#8211; trio irakitan<\/div>\n<div style=\"text-align: center;\">rosa, a macaca formosa &#8211; an\u00edsio silva<\/div>\n<div style=\"text-align: center;\">a barata serafina &#8211; elza soares<\/div>\n<div style=\"text-align: center;\">panchito, o galo tenor &#8211; trio esperan\u00e7a<\/div>\n<div style=\"text-align: center;\">a pirra\u00e7a da tartaruga &#8211; stellinha egg<\/div>\n<div style=\"text-align: center;\">o gato raulino &#8211; moreira da silva<\/div>\n<div style=\"text-align: center;\"><\/div>\n<div style=\"text-align: center;\">.<\/div>\n<div><\/div>\n","protected":false},"excerpt":{"rendered":"<p>Bom dia crian\u00e7ada culta e oculta! Com tantas manifesta\u00e7\u00f5es relacionadas ao ao universo infantil e principalmente por conta de ser hoje o Dia das Crian\u00e7as, aqui vamos n\u00f3s com uma homenagem a altura e bem ao gosto do Toque Musical. &hellip; <a href=\"https:\/\/www.toque-musicall.com\/?p=3495\">Continue lendo <span class=\"meta-nav\">&rarr;<\/span><\/a><\/p>\n","protected":false},"author":1,"featured_media":0,"comment_status":"open","ping_status":"closed","sticky":false,"template":"","format":"standard","meta":{"footnotes":""},"categories":[363,1919,61,2051,292,746,2249,1203,86,333],"tags":[],"class_list":["post-3495","post","type-post","status-publish","format-standard","hentry","category-anisio-silva","category-celly-campello","category-elza-soares","category-gaya-e-sua-orquestra","category-joao-gilberto","category-moreira-da-silva","category-noriel-vilela","category-norma-bengell","category-selo-odeon","category-trio-irakitan"],"_links":{"self":[{"href":"https:\/\/www.toque-musicall.com\/index.php?rest_route=\/wp\/v2\/posts\/3495","targetHints":{"allow":["GET"]}}],"collection":[{"href":"https:\/\/www.toque-musicall.com\/index.php?rest_route=\/wp\/v2\/posts"}],"about":[{"href":"https:\/\/www.toque-musicall.com\/index.php?rest_route=\/wp\/v2\/types\/post"}],"author":[{"embeddable":true,"href":"https:\/\/www.toque-musicall.com\/index.php?rest_route=\/wp\/v2\/users\/1"}],"replies":[{"embeddable":true,"href":"https:\/\/www.toque-musicall.com\/index.php?rest_route=%2Fwp%2Fv2%2Fcomments&post=3495"}],"version-history":[{"count":1,"href":"https:\/\/www.toque-musicall.com\/index.php?rest_route=\/wp\/v2\/posts\/3495\/revisions"}],"predecessor-version":[{"id":3498,"href":"https:\/\/www.toque-musicall.com\/index.php?rest_route=\/wp\/v2\/posts\/3495\/revisions\/3498"}],"wp:attachment":[{"href":"https:\/\/www.toque-musicall.com\/index.php?rest_route=%2Fwp%2Fv2%2Fmedia&parent=3495"}],"wp:term":[{"taxonomy":"category","embeddable":true,"href":"https:\/\/www.toque-musicall.com\/index.php?rest_route=%2Fwp%2Fv2%2Fcategories&post=3495"},{"taxonomy":"post_tag","embeddable":true,"href":"https:\/\/www.toque-musicall.com\/index.php?rest_route=%2Fwp%2Fv2%2Ftags&post=3495"}],"curies":[{"name":"wp","href":"https:\/\/api.w.org\/{rel}","templated":true}]}}