{"id":3499,"date":"2013-10-13T11:09:43","date_gmt":"2013-10-13T14:09:43","guid":{"rendered":"http:\/\/www.toque-musicall.com\/?p=3499"},"modified":"2013-10-13T11:09:43","modified_gmt":"2013-10-13T14:09:43","slug":"coro-infantil-do-clube-do-guri-com-orquestra-sob-direcao-de-lyrio-panicali-cantigas-de-roda-1961","status":"publish","type":"post","link":"https:\/\/www.toque-musicall.com\/?p=3499","title":{"rendered":"C\u00f4ro Infantil Do Clube Do Guri Com Orquestra Sob Dire\u00e7\u00e3o De Lyrio Panicali &#8211; Cantigas De Roda (1961)"},"content":{"rendered":"<p><img loading=\"lazy\" decoding=\"async\" class=\"aligncenter\" alt=\"\" src=\"http:\/\/3.bp.blogspot.com\/-wDTTCuDxgFg\/UlqhgRf6nMI\/AAAAAAAAHpk\/o49kTwGOQUY\/s640\/capap.JPG\" width=\"631\" height=\"640\" \/><img loading=\"lazy\" decoding=\"async\" class=\"aligncenter\" alt=\"\" src=\"http:\/\/2.bp.blogspot.com\/-NGfDH_jMQX8\/UlqhXdZcMPI\/AAAAAAAAHpc\/t6h6pr8tVao\/s640\/contra+p.JPG\" width=\"619\" height=\"640\" \/><\/p>\n<p>Bom dia, amigos cultos e ocultos! Quando o Dia das Crian\u00e7as cae no s\u00e1bado, o domingo automaticamente passa a ser uma prorroga\u00e7\u00e3o. Afinal, todo domingo \u00e9 dia da crian\u00e7a, quando os pais levam seus filhos para os parques, jardins, clubes&#8230; tudo em nome da divers\u00e3o.<br \/>\nAssim sendo, aqui vai mais um disco relacionado ao universo infantil. Claro que estamos falando aqui do universo das crian\u00e7as de 40, 50 ou 60 anos atr\u00e1s, quando, por exemplo, dar com um pau num gato era coisa mais natural desse mundo. Tem gente, hoje em dia, que fica horroziado com essa letra. Mas os tempos eram outros e gato s\u00f3 servia mesmo para fazer tamborim.<br \/>\nTemos aqui um disco de cantigas de roda, lan\u00e7ado pelo selo Columbia, em 1961. Nele encontraremos doze temas cl\u00e1ssicos interpretados pelo C\u00f4ro Infantil do Clube do Guri, de Samuel Rosenberg, acompanhados de orquestra sob a orquestra\u00e7\u00e3o e reg\u00eancia do maestro Lyrio Panicali. Ta\u00ed, mais um disquinho para matar a saudade daquele tempo de crian\u00e7a. Aaah&#8230;<\/p>\n<div style=\"text-align: center;\">ciranda, cirandinha<\/div>\n<div style=\"text-align: center;\">carneirinho, carneir\u00e3o<\/div>\n<div style=\"text-align: center;\">eu entrei na roda<\/div>\n<div style=\"text-align: center;\">de marr\u00e9, marr\u00e9, marr\u00e9<\/div>\n<div style=\"text-align: center;\">passar\u00e1s, n\u00e3o passar\u00e1s<\/div>\n<div style=\"text-align: center;\">onde est\u00e1 a margarida<\/div>\n<div style=\"text-align: center;\">nesta rua tem um bosque<\/div>\n<div style=\"text-align: center;\">terezinha de jesus<\/div>\n<div style=\"text-align: center;\">atirei o pau no gato<\/div>\n<div style=\"text-align: center;\">passa, passa gavi\u00e3o<\/div>\n<div style=\"text-align: center;\">eu fui no toror\u00f3<\/div>\n<div style=\"text-align: center;\">o cravo brigou com a rosa<\/div>\n<div style=\"text-align: center;\"><\/div>\n<div style=\"text-align: center;\">.<\/div>\n<div style=\"text-align: center;\"><\/div>\n","protected":false},"excerpt":{"rendered":"<p>Bom dia, amigos cultos e ocultos! Quando o Dia das Crian\u00e7as cae no s\u00e1bado, o domingo automaticamente passa a ser uma prorroga\u00e7\u00e3o. Afinal, todo domingo \u00e9 dia da crian\u00e7a, quando os pais levam seus filhos para os parques, jardins, clubes&#8230; &hellip; <a href=\"https:\/\/www.toque-musicall.com\/?p=3499\">Continue lendo <span class=\"meta-nav\">&rarr;<\/span><\/a><\/p>\n","protected":false},"author":1,"featured_media":0,"comment_status":"open","ping_status":"closed","sticky":false,"template":"","format":"standard","meta":{"footnotes":""},"categories":[2250,387,269],"tags":[],"class_list":["post-3499","post","type-post","status-publish","format-standard","hentry","category-coro-infantil-do-clube-do-guri","category-lyrio-panicali","category-selo-columbia"],"_links":{"self":[{"href":"https:\/\/www.toque-musicall.com\/index.php?rest_route=\/wp\/v2\/posts\/3499","targetHints":{"allow":["GET"]}}],"collection":[{"href":"https:\/\/www.toque-musicall.com\/index.php?rest_route=\/wp\/v2\/posts"}],"about":[{"href":"https:\/\/www.toque-musicall.com\/index.php?rest_route=\/wp\/v2\/types\/post"}],"author":[{"embeddable":true,"href":"https:\/\/www.toque-musicall.com\/index.php?rest_route=\/wp\/v2\/users\/1"}],"replies":[{"embeddable":true,"href":"https:\/\/www.toque-musicall.com\/index.php?rest_route=%2Fwp%2Fv2%2Fcomments&post=3499"}],"version-history":[{"count":1,"href":"https:\/\/www.toque-musicall.com\/index.php?rest_route=\/wp\/v2\/posts\/3499\/revisions"}],"predecessor-version":[{"id":3502,"href":"https:\/\/www.toque-musicall.com\/index.php?rest_route=\/wp\/v2\/posts\/3499\/revisions\/3502"}],"wp:attachment":[{"href":"https:\/\/www.toque-musicall.com\/index.php?rest_route=%2Fwp%2Fv2%2Fmedia&parent=3499"}],"wp:term":[{"taxonomy":"category","embeddable":true,"href":"https:\/\/www.toque-musicall.com\/index.php?rest_route=%2Fwp%2Fv2%2Fcategories&post=3499"},{"taxonomy":"post_tag","embeddable":true,"href":"https:\/\/www.toque-musicall.com\/index.php?rest_route=%2Fwp%2Fv2%2Ftags&post=3499"}],"curies":[{"name":"wp","href":"https:\/\/api.w.org\/{rel}","templated":true}]}}