{"id":35,"date":"2012-06-11T00:53:00","date_gmt":"2012-06-11T00:53:00","guid":{"rendered":"http:\/\/www.toque-musicall.com\/?p=35"},"modified":"2012-06-11T00:53:00","modified_gmt":"2012-06-11T00:53:00","slug":"vzyadoq-moe-o-apice-1987","status":"publish","type":"post","link":"https:\/\/www.toque-musicall.com\/?p=35","title":{"rendered":"Vzyadoq Moe &#8211; O \u00c1pice (1987)"},"content":{"rendered":"<div style=\"clear: both; text-align: center;\"><a href=\"http:\/\/2.bp.blogspot.com\/-UCxk3Vdk5wA\/T9UxweHuw9I\/AAAAAAAACvY\/jfbzT-CKH30\/s1600\/capap.JPG\" style=\"margin-left: 1em; margin-right: 1em;\"><img loading=\"lazy\" decoding=\"async\" border=\"0\" height=\"395\" src=\"http:\/\/2.bp.blogspot.com\/-UCxk3Vdk5wA\/T9UxweHuw9I\/AAAAAAAACvY\/jfbzT-CKH30\/s400\/capap.JPG\" width=\"400\" \/><\/a><\/div>\n<div style=\"clear: both; text-align: center;\"><a href=\"http:\/\/3.bp.blogspot.com\/-DAp4vjVrj94\/T9UxqkFiO5I\/AAAAAAAACvQ\/O70ZmCG5HA0\/s1600\/contracapaP.JPG\" style=\"margin-left: 1em; margin-right: 1em;\"><img loading=\"lazy\" decoding=\"async\" border=\"0\" height=\"400\" src=\"http:\/\/3.bp.blogspot.com\/-DAp4vjVrj94\/T9UxqkFiO5I\/AAAAAAAACvQ\/O70ZmCG5HA0\/s400\/contracapaP.JPG\" width=\"397\" \/><\/a><\/div>\n<p>Boa noite, amigos cultos, ocultos e associados! Para quebrar um pouco a rotina, hoje vamos apresentar um som para se ouvir com outros olhos. Estamos aqui acostumados a ouvir, de uma certa forma, o tradicional e convencional que as vezes \u00e9 preciso pular a faixa. Sempre que eu fa\u00e7o uma &#8216;semana tem\u00e1tica&#8217; dedicada ao rock\/pop nacional penso em postar este disco da banda paulista Vzyadoq Moe. Mas acaba ficando t\u00e3o dif\u00edcil quanto pronunciar esse nome. Isso porque o &#8216;aparente indigesto&#8217; n\u00e3o fica s\u00f3 no nome. A m\u00fasica desta banda \u00e9 tamb\u00e9m algo dif\u00edcil de descer num primeiro momento. O que diria ent\u00e3o naqueles anos 80! Essa turma \u00a0fazia um som que ia al\u00e9m do que era proposto naquela \u00e9poca do pop\/rock nacional. Sua m\u00fasica era calcada no rock, mas pode tamb\u00e9m fazer parte do grupo dos inclassific\u00e1veis ou experimentais. Um som influenciado por uma mescla de coisas variadas, algo que me lembra muito o &#8216;krautrock&#8217; alem\u00e3o, bandas como Can, Apple Silver, Einsturzende Neubauten, somados a aquela onda &#8216;new wave\/pos punk que rolava na Europa. O trabalho do VM era pretensioso, tanto pelas letras do vocalista Fausto Marthe quanto no instrumental e na produ\u00e7\u00e3o. Mas por\u00e9m, a gente percebe que ao final faltou ali um elemento que amarrasse tudo isso. Mesmo assim, n\u00e3o deixa de ser um trabalho acima da m\u00e9dia, fugindo do pop colorido que o rock naquela d\u00e9cada virou.<br \/>Este disco foi gravado e mixado no Est\u00fadio Eldorado e saiu pelo selo independente Wop Bop. Foi um fracasso de vendas, mas recebeu boas cr\u00edticas da impressa especializada. O nome do grupo surgiu de um sorteio de letras. Gravaram apenas dois discos e participaram de outras duas colet\u00e2neas. Me parece que seus integrantes voltaram a ativa h\u00e1 uns anos atr\u00e1s&#8230;<\/p>\n<div style=\"text-align: center;\">da finitude carnal<\/div>\n<div style=\"text-align: center;\"><i>junto ao c\u00e9u<\/i><\/div>\n<div style=\"text-align: center;\"><i>o \u00faltimo des\u00edgnio<\/i><\/div>\n<div style=\"text-align: center;\"><i>incerto<\/i><\/div>\n<div style=\"text-align: center;\"><i>desejo em chamas<\/i><\/div>\n<div style=\"text-align: center;\"><i>reden\u00e7\u00e3o<\/i><\/div>\n<div style=\"text-align: center;\">da ressurrei\u00e7\u00e3o<\/div>\n<div style=\"text-align: center;\"><i>n\u00e3o h\u00e1 morte<\/i><\/div>\n<div style=\"text-align: center;\"><i>a monomania<\/i><\/div>\n<div style=\"text-align: center;\"><i>o \u00e1pice<\/i><\/div>\n<div style=\"text-align: center;\"><i>guerra das sombras<\/i><\/div>\n<div style=\"text-align: center;\"><i>expans\u00e3o<\/i><\/div>\n","protected":false},"excerpt":{"rendered":"<p>Boa noite, amigos cultos, ocultos e associados! Para quebrar um pouco a rotina, hoje vamos apresentar um som para se ouvir com outros olhos. Estamos aqui acostumados a ouvir, de uma certa forma, o tradicional e convencional que as vezes &hellip; <a href=\"https:\/\/www.toque-musicall.com\/?p=35\">Continue lendo <span class=\"meta-nav\">&rarr;<\/span><\/a><\/p>\n","protected":false},"author":1,"featured_media":0,"comment_status":"open","ping_status":"closed","sticky":false,"template":"","format":"standard","meta":{"footnotes":""},"categories":[31,30],"tags":[],"class_list":["post-35","post","type-post","status-publish","format-standard","hentry","category-selo-wop-bop","category-vzyadoq-moe"],"_links":{"self":[{"href":"https:\/\/www.toque-musicall.com\/index.php?rest_route=\/wp\/v2\/posts\/35","targetHints":{"allow":["GET"]}}],"collection":[{"href":"https:\/\/www.toque-musicall.com\/index.php?rest_route=\/wp\/v2\/posts"}],"about":[{"href":"https:\/\/www.toque-musicall.com\/index.php?rest_route=\/wp\/v2\/types\/post"}],"author":[{"embeddable":true,"href":"https:\/\/www.toque-musicall.com\/index.php?rest_route=\/wp\/v2\/users\/1"}],"replies":[{"embeddable":true,"href":"https:\/\/www.toque-musicall.com\/index.php?rest_route=%2Fwp%2Fv2%2Fcomments&post=35"}],"version-history":[{"count":0,"href":"https:\/\/www.toque-musicall.com\/index.php?rest_route=\/wp\/v2\/posts\/35\/revisions"}],"wp:attachment":[{"href":"https:\/\/www.toque-musicall.com\/index.php?rest_route=%2Fwp%2Fv2%2Fmedia&parent=35"}],"wp:term":[{"taxonomy":"category","embeddable":true,"href":"https:\/\/www.toque-musicall.com\/index.php?rest_route=%2Fwp%2Fv2%2Fcategories&post=35"},{"taxonomy":"post_tag","embeddable":true,"href":"https:\/\/www.toque-musicall.com\/index.php?rest_route=%2Fwp%2Fv2%2Ftags&post=35"}],"curies":[{"name":"wp","href":"https:\/\/api.w.org\/{rel}","templated":true}]}}