{"id":350,"date":"2011-09-02T01:25:00","date_gmt":"2011-09-02T01:25:00","guid":{"rendered":"http:\/\/www.toque-musicall.com\/?p=350"},"modified":"2011-09-02T01:25:00","modified_gmt":"2011-09-02T01:25:00","slug":"paulinho-da-viola-1975-repost","status":"publish","type":"post","link":"https:\/\/www.toque-musicall.com\/?p=350","title":{"rendered":"Paulinho Da Viola (1975) REPOST"},"content":{"rendered":"<p><a href=\"http:\/\/1.bp.blogspot.com\/_DSKVEvHtskc\/TEBWY11HcuI\/AAAAAAAAGw0\/o3BsY6cq0pI\/s1600\/paulinho+da+viola+P.JPG\"><img decoding=\"async\" alt=\"\" border=\"0\" id=\"BLOGGER_PHOTO_ID_5494486530158719714\" src=\"http:\/\/1.bp.blogspot.com\/_DSKVEvHtskc\/TEBWY11HcuI\/AAAAAAAAGw0\/o3BsY6cq0pI\/s400\/paulinho+da+viola+P.JPG\" style=\"cursor: hand; display: block; height: 400px; margin: 0px auto 10px; text-align: center; width: 396px;\" \/><\/a><a href=\"http:\/\/www.mediafire.com\/download.php?e3jfob4q2g84nd3\"> E<\/a>stamos levando a semana no samba e para mim, samba sem Paulinho da Viola \u00e9 como comer arroz sem feij\u00e3o, n\u00e3o d\u00e1&#8230; Assim sendo e tamb\u00e9m para manter o bom n\u00edvel musical enquanto eu dou uma pausa, aqui vai mais um belo disco desse grande artista. Lan\u00e7ado em 1975, o \u00e1lbum traz entre outras, &#8220;E a vida continua&#8221;, &#8220;Argumento&#8221; e &#8220;Amor a natureza&#8221;. Embora discos de medalh\u00f5es, como \u00e9 o caso do Paulinho, nunca saiam de cat\u00e1logo, h\u00e1 sempre uma certa dificuldade em encontr\u00e1-los. Por essa e por outras \u00e9 que ele est\u00e1 aqui \ud83d\ude09 abrilhantando nosso toque musical.<\/p>\n<div align=\"center\">e a vida continua<\/div>\n<div align=\"center\">argumento vida<\/div>\n<div align=\"center\">nova alegria<\/div>\n<div align=\"center\">amor a natureza<\/div>\n<div align=\"center\">jaqueira da portela<\/div>\n<div align=\"center\">mensagem de adeus<\/div>\n<div align=\"center\">cavaco emprestado<\/div>\n<div align=\"center\">chuva<\/div>\n<div align=\"center\">nada se perdeu<\/div>\n<div align=\"center\">deixa rolar<\/p>\n<p>PS.: VAI L\u00c1 EM CASA OUVIR ESTE DISCO, EU FA\u00c7O UMA C\u00d3PIA PARA VOC\u00ca!<\/p><\/div>\n<div align=\"center\"><\/div>\n<div align=\"center\"><\/div>\n","protected":false},"excerpt":{"rendered":"<p>Estamos levando a semana no samba e para mim, samba sem Paulinho da Viola \u00e9 como comer arroz sem feij\u00e3o, n\u00e3o d\u00e1&#8230; Assim sendo e tamb\u00e9m para manter o bom n\u00edvel musical enquanto eu dou uma pausa, aqui vai mais &hellip; <a href=\"https:\/\/www.toque-musicall.com\/?p=350\">Continue lendo <span class=\"meta-nav\">&rarr;<\/span><\/a><\/p>\n","protected":false},"author":1,"featured_media":0,"comment_status":"open","ping_status":"closed","sticky":false,"template":"","format":"standard","meta":{"footnotes":""},"categories":[542,244],"tags":[],"class_list":["post-350","post","type-post","status-publish","format-standard","hentry","category-paulinho-da-viola","category-selo-emi-odeon"],"_links":{"self":[{"href":"https:\/\/www.toque-musicall.com\/index.php?rest_route=\/wp\/v2\/posts\/350","targetHints":{"allow":["GET"]}}],"collection":[{"href":"https:\/\/www.toque-musicall.com\/index.php?rest_route=\/wp\/v2\/posts"}],"about":[{"href":"https:\/\/www.toque-musicall.com\/index.php?rest_route=\/wp\/v2\/types\/post"}],"author":[{"embeddable":true,"href":"https:\/\/www.toque-musicall.com\/index.php?rest_route=\/wp\/v2\/users\/1"}],"replies":[{"embeddable":true,"href":"https:\/\/www.toque-musicall.com\/index.php?rest_route=%2Fwp%2Fv2%2Fcomments&post=350"}],"version-history":[{"count":0,"href":"https:\/\/www.toque-musicall.com\/index.php?rest_route=\/wp\/v2\/posts\/350\/revisions"}],"wp:attachment":[{"href":"https:\/\/www.toque-musicall.com\/index.php?rest_route=%2Fwp%2Fv2%2Fmedia&parent=350"}],"wp:term":[{"taxonomy":"category","embeddable":true,"href":"https:\/\/www.toque-musicall.com\/index.php?rest_route=%2Fwp%2Fv2%2Fcategories&post=350"},{"taxonomy":"post_tag","embeddable":true,"href":"https:\/\/www.toque-musicall.com\/index.php?rest_route=%2Fwp%2Fv2%2Ftags&post=350"}],"curies":[{"name":"wp","href":"https:\/\/api.w.org\/{rel}","templated":true}]}}