{"id":3505,"date":"2013-10-14T06:43:32","date_gmt":"2013-10-14T09:43:32","guid":{"rendered":"http:\/\/www.toque-musicall.com\/?p=3505"},"modified":"2013-10-14T06:43:32","modified_gmt":"2013-10-14T09:43:32","slug":"odete-amaral-parte-2-selecao-78-rpm-do-toque-musical-vol-73-2013","status":"publish","type":"post","link":"https:\/\/www.toque-musicall.com\/?p=3505","title":{"rendered":"Odete Amaral (Parte 2) &#8211; Sele\u00e7\u00e3o 78 RPM Do Toque Musical &#8211; Vol. 73 (2013)"},"content":{"rendered":"<p><img loading=\"lazy\" decoding=\"async\" class=\"aligncenter\" alt=\"\" src=\"http:\/\/4.bp.blogspot.com\/-K-smwdKT3aM\/Ulu7TzR0ZlI\/AAAAAAAAHqQ\/mEeHiIPlKjc\/s640\/CAPA2p.JPG\" width=\"640\" height=\"640\" \/><img loading=\"lazy\" decoding=\"async\" class=\"aligncenter\" alt=\"\" src=\"http:\/\/3.bp.blogspot.com\/-yMJ8htgmnIM\/Ulu7NwLrsWI\/AAAAAAAAHqI\/YkaBMi60Aag\/s640\/CONTRACAPA2p.JPG\" width=\"640\" height=\"640\" \/><\/p>\n<div>Estamos de volta com o Grand Record Brazil, apresentando a segunda parte da retrospectiva que estamos dedicando \u00e0 \u201cvoz tropical do Brasil\u201d, Odete Amaral\u00a0\u00a0(1917-1984). Desta feita, apresentamos\u00a0\u00a0onze grava\u00e7\u00f5es desta int\u00e9rprete not\u00e1vel, dona de bela voz.\u00a0\u00a0E come\u00e7amos muito bem, apresentando um samba do grande Geraldo Pereira, em parceria com Ari Monteiro, \u201cCarta fatal\u201d, grava\u00e7\u00e3o Odeon de 5 de abril de 1944, lan\u00e7ada em junho do mesmo ano, disco 12450-B, matriz 7537. A faixa seguinte, \u201cNa chave do port\u00e3o\u201d, \u00e9 de autoria de Djalma Mafra e Alberto Maia. Este samba foi gravado na Victor em 29 de novembro de 1945, e lan\u00e7ado bem em cima do carnaval de 46, em fevereiro, com o n\u00famero 80-0382-B, matriz S-078404. O samba \u201cSorris de mim\u201d \u00e9 de Baba\u00fa da Mangueira (Waldemiro Jos\u00e9 da Rocha, 1914-1993) e Jo\u00e3o da Baiana, grava\u00e7\u00e3o Victor de 9 de julho de 1940, lan\u00e7ada em setembro seguinte com o n\u00famero 34657-B, matriz 33463. Voltando \u00e0 Odeon, apresentamos a marchinha \u201cSalve o inventor da mulher\u201d, grava\u00e7\u00e3o de 13 de outubro de 1944, lan\u00e7ada um m\u00eas antes do carnaval de 45, em janeiro, com o n\u00famero 12535-B, matriz 7681. Jo\u00e3o da Baiana, agora sem parceiro, assina o samba \u201c\u00c9 melhor confessar do que mentir\u201d, gravado na Victor em 14 de dezembro de 1937 e lan\u00e7ado bem em cima do carnaval de 38, em fevereiro, disco 34283-A, matriz 80626. Geraldo Pereira se faz de novo presente, agora em parceria com Arn\u00f4 Provenzano, com o samba \u201cResigna\u00e7\u00e3o\u201d , lado A do Odeon 12330, gravado em 2 de junho de 1943 e lan\u00e7ado em julho do mesmo ano, matriz 7305. O mestre Ary Barroso tamb\u00e9m bate ponto aqui com um dos maiores hits da carreira de Odete, o samba \u201cA batucada come\u00e7ou\u201d, por ela gravado na \u201cmarca do templo\u201d em 24 de abril de 1941 e lan\u00e7ado em junho seguinte com o n\u00famero 11999-A, matriz 6627. \u201cS\u00f3 voc\u00ea\u201d \u00e9 um samba-can\u00e7\u00e3o de Hanibal Cruz (tio de Vin\u00edcius de Moraes e parceiro de Vicente Paiva no cl\u00e1ssico \u201cDiz que tem\u201d,\u00a0\u00a0hit de C\u00e1rmen Miranda em 1940), gravado por Odete na Victor em 25 de maio de 1937 e lan\u00e7ado em julho do mesmo ano, disco 34183-B, matriz 80418. De Jos\u00e9 Alvarenga, o Alvarenguinha, e Marc\u00edlio Vieira, \u00e9 o samba \u201cL\u00e1grimas sentidas\u201d, gravado por Odete na marca do cachorrinho Nipper em 21 de julho de 1937 e lan\u00e7ado em dezembro seguinte, visando o carnaval de 38, sob n\u00famero 34241-A, matriz 80550. Temos em seguida um retumbante sucesso da cantora nesse mesmo carnaval, a bem-humorada marchinha \u201cN\u00e3o pago o bonde\u201d, dos mestres J. Cascata e Leonel Azevedo, que Odete imortalizou no dia seguinte, 22 de julho de 1937, e a Victor lan\u00e7ou tamb\u00e9m em dezembro, com o n\u00famero 34256-A, matriz 80551. \u00c9 uma cr\u00f4nica do tempo em que o bonde era o principal meio de transporte no Rio de Janeiro. Se habitualmente os passageiros j\u00e1 procuravam fugir ao pagamento da passagem, em tempo de carnaval era quase in\u00fatil atender ao apelo (\u201cpor favor\u201d), do cobrador, geralmente portugu\u00eas. Alguns se atreviam a desafiar o coitado, pedindo \u201cmande a Light me cobrar\u201d. Na \u00e9poca, a empresa, conhecida como \u201cpolvo canadense\u201d, era concession\u00e1ria do servi\u00e7o de bondes na ent\u00e3o Capital Federal.\u00a0\u00a0Para encerrar, em clima de conto de fada, temos o samba \u201cA bela adormecida\u201d, samba de outra festejada dupla de autores, Roberto Roberti e Arlindo Marques Jr., grava\u00e7\u00e3o Victor de 26 de abril de 1938, lan\u00e7ado em junho do mesmo ano sob n\u00famero 34324-B, matriz 80766, e evidentemente baseado na famosa hist\u00f3ria do escritor franc\u00eas Charles Perrault. Em algumas grava\u00e7\u00f5es da Victor aqui inclu\u00eddas, vale ressaltar, quem acompanha Odete Amaral \u00e9 a orquestra Diabos do C\u00e9u, formada e dirigida pelo mestre Pixinguinha. E \u00e9 com muita alegria que o GRB apresenta a segunda parte desta retrospectiva dedicada \u00e0quela que ser\u00e1 para sempre \u201ca voz tropical do Brasil\u201d!<\/div>\n<div><\/div>\n<div>*Texto de SAMUEL MACHADO FILHO<\/div>\n<div><\/div>\n<div>.<\/div>\n","protected":false},"excerpt":{"rendered":"<p>Estamos de volta com o Grand Record Brazil, apresentando a segunda parte da retrospectiva que estamos dedicando \u00e0 \u201cvoz tropical do Brasil\u201d, Odete Amaral\u00a0\u00a0(1917-1984). Desta feita, apresentamos\u00a0\u00a0onze grava\u00e7\u00f5es desta int\u00e9rprete not\u00e1vel, dona de bela voz.\u00a0\u00a0E come\u00e7amos muito bem, apresentando um &hellip; <a href=\"https:\/\/www.toque-musicall.com\/?p=3505\">Continue lendo <span class=\"meta-nav\">&rarr;<\/span><\/a><\/p>\n","protected":false},"author":1,"featured_media":0,"comment_status":"open","ping_status":"closed","sticky":false,"template":"","format":"standard","meta":{"footnotes":""},"categories":[11,1733,1265,13],"tags":[],"class_list":["post-3505","post","type-post","status-publish","format-standard","hentry","category-exclusivos-do-toque-musical","category-odete-amaral","category-odette-amaral","category-selo-grand-record-brazil"],"_links":{"self":[{"href":"https:\/\/www.toque-musicall.com\/index.php?rest_route=\/wp\/v2\/posts\/3505","targetHints":{"allow":["GET"]}}],"collection":[{"href":"https:\/\/www.toque-musicall.com\/index.php?rest_route=\/wp\/v2\/posts"}],"about":[{"href":"https:\/\/www.toque-musicall.com\/index.php?rest_route=\/wp\/v2\/types\/post"}],"author":[{"embeddable":true,"href":"https:\/\/www.toque-musicall.com\/index.php?rest_route=\/wp\/v2\/users\/1"}],"replies":[{"embeddable":true,"href":"https:\/\/www.toque-musicall.com\/index.php?rest_route=%2Fwp%2Fv2%2Fcomments&post=3505"}],"version-history":[{"count":1,"href":"https:\/\/www.toque-musicall.com\/index.php?rest_route=\/wp\/v2\/posts\/3505\/revisions"}],"predecessor-version":[{"id":3508,"href":"https:\/\/www.toque-musicall.com\/index.php?rest_route=\/wp\/v2\/posts\/3505\/revisions\/3508"}],"wp:attachment":[{"href":"https:\/\/www.toque-musicall.com\/index.php?rest_route=%2Fwp%2Fv2%2Fmedia&parent=3505"}],"wp:term":[{"taxonomy":"category","embeddable":true,"href":"https:\/\/www.toque-musicall.com\/index.php?rest_route=%2Fwp%2Fv2%2Fcategories&post=3505"},{"taxonomy":"post_tag","embeddable":true,"href":"https:\/\/www.toque-musicall.com\/index.php?rest_route=%2Fwp%2Fv2%2Ftags&post=3505"}],"curies":[{"name":"wp","href":"https:\/\/api.w.org\/{rel}","templated":true}]}}