{"id":3509,"date":"2013-10-15T13:23:03","date_gmt":"2013-10-15T16:23:03","guid":{"rendered":"http:\/\/www.toque-musicall.com\/?p=3509"},"modified":"2013-10-15T13:23:03","modified_gmt":"2013-10-15T16:23:03","slug":"ary-toledo-no-fino-da-bossa-1988","status":"publish","type":"post","link":"https:\/\/www.toque-musicall.com\/?p=3509","title":{"rendered":"Ary Toledo &#8211; No Fino Da Bossa (1988)"},"content":{"rendered":"<p><img loading=\"lazy\" decoding=\"async\" class=\"aligncenter\" alt=\"\" src=\"http:\/\/3.bp.blogspot.com\/-XuuhDBv1dCI\/Ul1geIGjKmI\/AAAAAAAAHqs\/BJo8ahC4cPs\/s640\/capaP.JPG\" width=\"640\" height=\"625\" \/><img loading=\"lazy\" decoding=\"async\" class=\"aligncenter\" alt=\"\" src=\"http:\/\/2.bp.blogspot.com\/-LB4oDhSNxas\/Ul1gY7jJ5lI\/AAAAAAAAHqk\/cbvowoF9je8\/s640\/contraP.JPG\" width=\"640\" height=\"637\" \/><\/p>\n<p>Boa tarde, amigos cultos e ocultos! Diante a sempre falta de aten\u00e7\u00e3o dos amigos em ler as informa\u00e7\u00f5es sobre o funcionamento do blog e principalmente os textos, continuo batendo na mesma tecla: N\u00c3O ESTAREI MAIS REPONDO LINKS NO GTM DE POSTAGENS ANTIGAS, SOLICITADAS A PARTIR DESTE M\u00caS DE OUTUBRO. QUEM TIVER INTERESSADO, PODE AT\u00c9 PEDIR (VIA E-MAIL), MAS VOU COBRAR UMA DOA\u00c7\u00c3O, UMA AJUDA DE CUSTO.<br \/>\nSeguimos agora com este disco do Ary Toledo, uma grava\u00e7\u00e3o feita em 1966, ao vivo em apresenta\u00e7\u00e3o no audit\u00f3rio da TV Record, durante o programa O Fino da Bossa, apresentado por Elis Regina. Nessa \u00e9poca o Ary era tido tamb\u00e9m como cantor. Ali\u00e1s, ele era um cantor e compositor, mas logo nos primeiros discos e apresenta\u00e7\u00f5es j\u00e1 demosntrou talento para o humor. Foi aconselhado por amigos a seguir a carreira de comediante. Colecinando piadas ele acabou por se tornar um dos mais importantes no g\u00eanero. Este disco \u00e9 sem d\u00favida seu melhor trabalho musical. Aqui encontraremos aquelas m\u00fasicas que tanto fizeram sucesso. Coisas como o seu primeiro sucesso: &#8220;Tiradentes&#8221;, composi\u00e7\u00e3o sua em parceria com Chico de Assis. Ou, mais ainda, &#8220;Pau de Arara&#8221;, de Carlos Lyra e Vinicius de Moraes. Essas duas m\u00fasicas, por sinal, eu j\u00e1 postei aqui em um compacto lan\u00e7ado na mesma \u00e9poca. Mas temos outras, tamb\u00e9m muito boas e na mesma linha. Este disco foi lan\u00e7ado originalmente em 1966, parece ter tido uma reedi\u00e7\u00e3o em 68 e outra (esta), lan\u00e7ada em 1988. Vamos dar uma conferida? \ud83d\ude09<\/p>\n<div style=\"text-align: center;\">descobrimento do brasil (chegan\u00e7a)<\/div>\n<div style=\"text-align: center;\">testamenteo do padre c\u00edcero<\/div>\n<div style=\"text-align: center;\">peba na pimenta<\/div>\n<div style=\"text-align: center;\">os ovos que a galinha p\u00f4s<\/div>\n<div style=\"text-align: center;\">pau de arara<\/div>\n<div style=\"text-align: center;\">tiradentes<\/div>\n<div style=\"text-align: center;\">as virgens rezadeiras<\/div>\n<div style=\"text-align: center;\">incelen\u00e7a<\/div>\n<div style=\"text-align: center;\">o an\u00fancio<\/div>\n<div style=\"text-align: center;\">romance de dona juliana<\/div>\n<div style=\"text-align: center;\"><\/div>\n<div style=\"text-align: center;\">.<\/div>\n","protected":false},"excerpt":{"rendered":"<p>Boa tarde, amigos cultos e ocultos! Diante a sempre falta de aten\u00e7\u00e3o dos amigos em ler as informa\u00e7\u00f5es sobre o funcionamento do blog e principalmente os textos, continuo batendo na mesma tecla: N\u00c3O ESTAREI MAIS REPONDO LINKS NO GTM DE &hellip; <a href=\"https:\/\/www.toque-musicall.com\/?p=3509\">Continue lendo <span class=\"meta-nav\">&rarr;<\/span><\/a><\/p>\n","protected":false},"author":1,"featured_media":0,"comment_status":"open","ping_status":"closed","sticky":false,"template":"","format":"standard","meta":{"footnotes":""},"categories":[564,153],"tags":[],"class_list":["post-3509","post","type-post","status-publish","format-standard","hentry","category-ary-toledo","category-selo-rge"],"_links":{"self":[{"href":"https:\/\/www.toque-musicall.com\/index.php?rest_route=\/wp\/v2\/posts\/3509","targetHints":{"allow":["GET"]}}],"collection":[{"href":"https:\/\/www.toque-musicall.com\/index.php?rest_route=\/wp\/v2\/posts"}],"about":[{"href":"https:\/\/www.toque-musicall.com\/index.php?rest_route=\/wp\/v2\/types\/post"}],"author":[{"embeddable":true,"href":"https:\/\/www.toque-musicall.com\/index.php?rest_route=\/wp\/v2\/users\/1"}],"replies":[{"embeddable":true,"href":"https:\/\/www.toque-musicall.com\/index.php?rest_route=%2Fwp%2Fv2%2Fcomments&post=3509"}],"version-history":[{"count":1,"href":"https:\/\/www.toque-musicall.com\/index.php?rest_route=\/wp\/v2\/posts\/3509\/revisions"}],"predecessor-version":[{"id":3512,"href":"https:\/\/www.toque-musicall.com\/index.php?rest_route=\/wp\/v2\/posts\/3509\/revisions\/3512"}],"wp:attachment":[{"href":"https:\/\/www.toque-musicall.com\/index.php?rest_route=%2Fwp%2Fv2%2Fmedia&parent=3509"}],"wp:term":[{"taxonomy":"category","embeddable":true,"href":"https:\/\/www.toque-musicall.com\/index.php?rest_route=%2Fwp%2Fv2%2Fcategories&post=3509"},{"taxonomy":"post_tag","embeddable":true,"href":"https:\/\/www.toque-musicall.com\/index.php?rest_route=%2Fwp%2Fv2%2Ftags&post=3509"}],"curies":[{"name":"wp","href":"https:\/\/api.w.org\/{rel}","templated":true}]}}