{"id":3513,"date":"2013-10-19T09:30:30","date_gmt":"2013-10-19T12:30:30","guid":{"rendered":"http:\/\/www.toque-musicall.com\/?p=3513"},"modified":"2013-10-19T09:31:54","modified_gmt":"2013-10-19T12:31:54","slug":"ataulfo-alves-tradicao-1967","status":"publish","type":"post","link":"https:\/\/www.toque-musicall.com\/?p=3513","title":{"rendered":"Ataulfo Alves &#8211; Tradi\u00e7\u00e3o (1967)"},"content":{"rendered":"<p><img loading=\"lazy\" decoding=\"async\" class=\"aligncenter\" alt=\"\" src=\"http:\/\/3.bp.blogspot.com\/-mqs8qaycTgU\/UmJrlZqGJnI\/AAAAAAAAHrM\/V_AtFDhit-I\/s640\/CAPAp.JPG\" width=\"640\" height=\"637\" \/><img loading=\"lazy\" decoding=\"async\" class=\"aligncenter\" alt=\"\" src=\"http:\/\/4.bp.blogspot.com\/-UY8rzJK9CAM\/UmJrhCjz51I\/AAAAAAAAHrE\/YLLUxJwGGSQ\/s640\/COTNRAp.JPG\" width=\"640\" height=\"627\" \/><\/p>\n<p>Ol\u00e1 amigos cultos e ocultos! Depois de alguns dias ausente, aqui estou eu novamente, trazendo sempre um velho novo toque musical. E para compensar, nada melhor que um disco in\u00e9dito &#8216;nas bocas&#8217; (pelo menos as que eu conhe\u00e7o). Vamos trazendo mais uma vez o grande Ataulfo Alves, figura sempre em destaque aqui no nosso TM.<br \/>\nTemos assim,&#8221;Tradi\u00e7\u00e3o&#8221;, um \u00e1lbum lan\u00e7ado em 1967, pela Polydor. Creio eu que este foi o seu \u00faltimo disco de carreira. Os que vieram depois s\u00e3o grava\u00e7\u00f5es antigas, ou registros em apresenta\u00e7\u00f5es ou colet\u00e2neas. Este \u00e1lbum tamb\u00e9m n\u00e3o deixa de ter algumas regrava\u00e7\u00f5es, inclusive na &#8220;Pol\u00eamica&#8221;, uma esp\u00e9cie de pot-pourri que ele fazia em par com a cantora Carmen Costa, em seu disco anterior, o &#8220;Eternamente Samba&#8221;, de 66. Neste \u00e1lbum ele traz uma nova &#8220;Pol\u00eamica&#8221;, com outros sambas e ao lado da cantora Diana. &#8220;Mira\u00ed&#8221; e &#8220;Requebrado da mulata&#8221; foram sambas de muito sucesso e est\u00e3o presentes na bolacha.. Ele grava tamb\u00e9m &#8220;Quando o samba acabou&#8221;, m\u00fasica de Noel Rosa e &#8220;Favela&#8221;, de Roberto Martins e Valdemar Silva. Bom disco, n\u00e3o deixem de conferir. \ud83d\ude42<\/p>\n<div style=\"text-align: center;\">cabe na palma da m\u00e3o<\/div>\n<div style=\"text-align: center;\">quando o samba \u00a0acabou<\/div>\n<div style=\"text-align: center;\">requebrado da mulata<\/div>\n<div style=\"text-align: center;\">mira\u00ed<\/div>\n<div style=\"text-align: center;\">favela<\/div>\n<div style=\"text-align: center;\">saudade da saudade<\/div>\n<div style=\"text-align: center;\">nem que chova canivete<\/div>\n<div style=\"text-align: center;\">pol\u00eamica:<\/div>\n<div style=\"text-align: center;\"><i>infidelidade<\/i><\/div>\n<div style=\"text-align: center;\"><i>o pavio da verdade<\/i><\/div>\n<div style=\"text-align: center;\"><i>nunca mais<\/i><\/div>\n<div style=\"text-align: center;\"><i>errei sim<\/i><\/div>\n<div style=\"text-align: center;\"><i>atire a primeira pedra<\/i><\/div>\n<div style=\"text-align: center;\"><i>fenix<\/i><\/div>\n<div style=\"text-align: center;\">o homem \u00e9 o c\u00e3o<\/div>\n<div style=\"text-align: center;\">gente bem tamb\u00e9m samba<\/div>\n<div style=\"text-align: center;\"><\/div>\n<div style=\"text-align: center;\">.<\/div>\n<div style=\"text-align: center;\"><\/div>\n","protected":false},"excerpt":{"rendered":"<p>Ol\u00e1 amigos cultos e ocultos! Depois de alguns dias ausente, aqui estou eu novamente, trazendo sempre um velho novo toque musical. E para compensar, nada melhor que um disco in\u00e9dito &#8216;nas bocas&#8217; (pelo menos as que eu conhe\u00e7o). Vamos trazendo &hellip; <a href=\"https:\/\/www.toque-musicall.com\/?p=3513\">Continue lendo <span class=\"meta-nav\">&rarr;<\/span><\/a><\/p>\n","protected":false},"author":1,"featured_media":0,"comment_status":"open","ping_status":"closed","sticky":false,"template":"","format":"standard","meta":{"footnotes":""},"categories":[101,146],"tags":[],"class_list":["post-3513","post","type-post","status-publish","format-standard","hentry","category-ataulfo-alves","category-selo-polydor"],"_links":{"self":[{"href":"https:\/\/www.toque-musicall.com\/index.php?rest_route=\/wp\/v2\/posts\/3513","targetHints":{"allow":["GET"]}}],"collection":[{"href":"https:\/\/www.toque-musicall.com\/index.php?rest_route=\/wp\/v2\/posts"}],"about":[{"href":"https:\/\/www.toque-musicall.com\/index.php?rest_route=\/wp\/v2\/types\/post"}],"author":[{"embeddable":true,"href":"https:\/\/www.toque-musicall.com\/index.php?rest_route=\/wp\/v2\/users\/1"}],"replies":[{"embeddable":true,"href":"https:\/\/www.toque-musicall.com\/index.php?rest_route=%2Fwp%2Fv2%2Fcomments&post=3513"}],"version-history":[{"count":1,"href":"https:\/\/www.toque-musicall.com\/index.php?rest_route=\/wp\/v2\/posts\/3513\/revisions"}],"predecessor-version":[{"id":3516,"href":"https:\/\/www.toque-musicall.com\/index.php?rest_route=\/wp\/v2\/posts\/3513\/revisions\/3516"}],"wp:attachment":[{"href":"https:\/\/www.toque-musicall.com\/index.php?rest_route=%2Fwp%2Fv2%2Fmedia&parent=3513"}],"wp:term":[{"taxonomy":"category","embeddable":true,"href":"https:\/\/www.toque-musicall.com\/index.php?rest_route=%2Fwp%2Fv2%2Fcategories&post=3513"},{"taxonomy":"post_tag","embeddable":true,"href":"https:\/\/www.toque-musicall.com\/index.php?rest_route=%2Fwp%2Fv2%2Ftags&post=3513"}],"curies":[{"name":"wp","href":"https:\/\/api.w.org\/{rel}","templated":true}]}}