{"id":3517,"date":"2013-10-20T23:51:41","date_gmt":"2013-10-21T01:51:41","guid":{"rendered":"http:\/\/www.toque-musicall.com\/?p=3517"},"modified":"2013-10-20T23:51:41","modified_gmt":"2013-10-21T01:51:41","slug":"vinicius-de-moraes-poesias-1959","status":"publish","type":"post","link":"https:\/\/www.toque-musicall.com\/?p=3517","title":{"rendered":"Vin\u00edcius De Moraes &#8211; Poesias (1959)"},"content":{"rendered":"<p><img loading=\"lazy\" decoding=\"async\" class=\"aligncenter\" alt=\"\" src=\"http:\/\/1.bp.blogspot.com\/-KEIwIVk7PTQ\/UmSDJovFtLI\/AAAAAAAAHrk\/O3GGVPUBpaU\/s640\/folder.jpg\" width=\"640\" height=\"621\" \/><img loading=\"lazy\" decoding=\"async\" class=\"aligncenter\" alt=\"\" src=\"http:\/\/2.bp.blogspot.com\/-Qz0yuoCm7RQ\/UmSDEa9C13I\/AAAAAAAAHrc\/9A16XNtaMag\/s640\/contra+p.JPG\" width=\"640\" height=\"640\" \/><\/p>\n<p>Boa noite, meus prezados amigos cultos e ocultos! Como as nossas postagens n\u00e3o seguem mais aquele obsessivo ritmo di\u00e1rio, posso me desculpar por s\u00f3 estar celebrando os 100 anos de Vin\u00edcius agora, um dia depois. Acho que tudo bem, n\u00e3o \u00e9 mesmo? Afinal, uma figura como Vin\u00edcius de Moraes e em seu centen\u00e1rio, merece comemora\u00e7\u00e3o por pelo menos uma semana! O Toque Musical n\u00e3o poderia deixar esse momento passar em branco. Como a obra do Poetinha j\u00e1 est\u00e1 pr\u00e1 de bem divulgada, fica dif\u00edc\u00edl achar alguma coisa diferente, rara, como cabe ao TM. Acabei optando por este \u00e1lbum de poesias, lan\u00e7ado em 1959, pelo selo Festa, que muito se dedicou a promover a poesia brasileira. Neste pequeno lp de 10 polegadas vamos encontrar cinco de seus mais famosos poemas e, claro, recitado pelo pr\u00f3prio autor.<br \/>\nParab\u00e9ns, Vin\u00edcius! Que seja eterno por toda a vida \ud83d\ude42<\/p>\n<div style=\"text-align: center;\">o mergulhador<\/div>\n<div style=\"text-align: center;\">soneto n. 2 de medita\u00e7\u00e3o<\/div>\n<div style=\"text-align: center;\">os acrobatas<\/div>\n<div style=\"text-align: center;\">a hora \u00edntima<\/div>\n<div style=\"text-align: center;\">receita de mulher<\/div>\n<div style=\"text-align: center;\"><\/div>\n<div style=\"text-align: center;\">.<\/div>\n<div><\/div>\n","protected":false},"excerpt":{"rendered":"<p>Boa noite, meus prezados amigos cultos e ocultos! Como as nossas postagens n\u00e3o seguem mais aquele obsessivo ritmo di\u00e1rio, posso me desculpar por s\u00f3 estar celebrando os 100 anos de Vin\u00edcius agora, um dia depois. Acho que tudo bem, n\u00e3o &hellip; <a href=\"https:\/\/www.toque-musicall.com\/?p=3517\">Continue lendo <span class=\"meta-nav\">&rarr;<\/span><\/a><\/p>\n","protected":false},"author":1,"featured_media":0,"comment_status":"open","ping_status":"closed","sticky":false,"template":"","format":"standard","meta":{"footnotes":""},"categories":[318,517,1119],"tags":[],"class_list":["post-3517","post","type-post","status-publish","format-standard","hentry","category-poesia","category-selo-festa","category-vinicius-de-moraes"],"_links":{"self":[{"href":"https:\/\/www.toque-musicall.com\/index.php?rest_route=\/wp\/v2\/posts\/3517","targetHints":{"allow":["GET"]}}],"collection":[{"href":"https:\/\/www.toque-musicall.com\/index.php?rest_route=\/wp\/v2\/posts"}],"about":[{"href":"https:\/\/www.toque-musicall.com\/index.php?rest_route=\/wp\/v2\/types\/post"}],"author":[{"embeddable":true,"href":"https:\/\/www.toque-musicall.com\/index.php?rest_route=\/wp\/v2\/users\/1"}],"replies":[{"embeddable":true,"href":"https:\/\/www.toque-musicall.com\/index.php?rest_route=%2Fwp%2Fv2%2Fcomments&post=3517"}],"version-history":[{"count":1,"href":"https:\/\/www.toque-musicall.com\/index.php?rest_route=\/wp\/v2\/posts\/3517\/revisions"}],"predecessor-version":[{"id":3520,"href":"https:\/\/www.toque-musicall.com\/index.php?rest_route=\/wp\/v2\/posts\/3517\/revisions\/3520"}],"wp:attachment":[{"href":"https:\/\/www.toque-musicall.com\/index.php?rest_route=%2Fwp%2Fv2%2Fmedia&parent=3517"}],"wp:term":[{"taxonomy":"category","embeddable":true,"href":"https:\/\/www.toque-musicall.com\/index.php?rest_route=%2Fwp%2Fv2%2Fcategories&post=3517"},{"taxonomy":"post_tag","embeddable":true,"href":"https:\/\/www.toque-musicall.com\/index.php?rest_route=%2Fwp%2Fv2%2Ftags&post=3517"}],"curies":[{"name":"wp","href":"https:\/\/api.w.org\/{rel}","templated":true}]}}