{"id":352,"date":"2011-09-02T01:22:00","date_gmt":"2011-09-02T01:22:00","guid":{"rendered":"http:\/\/www.toque-musicall.com\/?p=352"},"modified":"2011-09-02T01:22:00","modified_gmt":"2011-09-02T01:22:00","slug":"caetano-veloso-joia-1975-repost","status":"publish","type":"post","link":"https:\/\/www.toque-musicall.com\/?p=352","title":{"rendered":"Caetano Veloso &#8211; J\u00f3ia (1975) REPOST"},"content":{"rendered":"<p><a href=\"http:\/\/3.bp.blogspot.com\/_DSKVEvHtskc\/TF3UQ6wEORI\/AAAAAAAAG28\/_iDzbLY_7Kc\/s1600\/folder.jpg\"><img decoding=\"async\" alt=\"\" border=\"0\" id=\"BLOGGER_PHOTO_ID_5502787706830469394\" src=\"http:\/\/3.bp.blogspot.com\/_DSKVEvHtskc\/TF3UQ6wEORI\/AAAAAAAAG28\/_iDzbLY_7Kc\/s400\/folder.jpg\" style=\"cursor: hand; display: block; height: 400px; margin: 0px auto 10px; text-align: center; width: 395px;\" \/><\/a><a href=\"http:\/\/4.bp.blogspot.com\/_DSKVEvHtskc\/TF3UHuTGi5I\/AAAAAAAAG20\/3Ped-0W3IUk\/s1600\/caetano+Bp.JPG\"><img decoding=\"async\" alt=\"\" border=\"0\" id=\"BLOGGER_PHOTO_ID_5502787548868938642\" src=\"http:\/\/4.bp.blogspot.com\/_DSKVEvHtskc\/TF3UHuTGi5I\/AAAAAAAAG20\/3Ped-0W3IUk\/s400\/caetano+Bp.JPG\" style=\"cursor: hand; display: block; height: 399px; margin: 0px auto 10px; text-align: center; width: 400px;\" \/><\/a><a href=\"http:\/\/www.mediafire.com\/?8q5m8w1q3wkhegq\">P<\/a>ara finalizar o toque musical, especial de homenagens, deste s\u00e1bado, vamos agora com o Caetano Veloso. Ele hoje completa 68 anos. Que bacana, o cara parece ter uns 40 e a cabe\u00e7a de um g\u00eanio de 20. Parab\u00e9ns para ele. Ali\u00e1s, parab\u00e9ns tamb\u00e9m para outro baiano que por descuido eu deixei de homenagear no m\u00eas passado, outro g\u00eanio, Gilberto Gil.<br \/>Mas a raz\u00e3o que leva uma coisa a outra \u00e9 eu ter \u00e0 m\u00e3o algo interessante, curioso ou raro que coincidentemente justifique um postagem. N\u00e3o quero e nem posso ficar nesse esquema de postar homenagens. No caso do Caetano Veloso temos o pol\u00eamico \u00e1lbum &#8220;J\u00f3ia&#8221;, lan\u00e7ado em 1975 pela Philips. Ap\u00f3s o lan\u00e7amento, n\u00e3o demorou muito para que a censura cortasse o barato do disco, a fotografia na contracapa onde Caetano, Ded\u00e9 e Moreno aparecem n\u00fas. Acredito que por essa raz\u00e3o Caetano, chateado, resolveu tamb\u00e9m mudar o seu desenho na capa, deixou apenas os passarinhos. S\u00f3 tempos depois, na edi\u00e7\u00e3o em cd \u00e9 que a capa voltou com a arte original, mas sem a foto. Por essa raz\u00e3o o \u00e1lbum tornou-se um objeto de procura por muitos colecionadores.<br \/>Quanto ao conte\u00fado musical, bom, n\u00e3o preciso falar nada que voc\u00eas j\u00e1 n\u00e3o saibam. &#8220;J\u00f3ia&#8221; \u00e9 um \u00e1lbum de boa safra, lan\u00e7ado simult\u00e2neamente com &#8220;Qualquer coisa&#8221;, outra preciosidade. Vamos relembrar? Salve Caetano!<\/p>\n<div align=\"center\">minha mulher<\/div>\n<div align=\"center\">gua<\/div>\n<div align=\"center\">pelos olhos<\/div>\n<div align=\"center\">asa, asa<\/div>\n<div align=\"center\">lua, lua, lua, lua<\/div>\n<div align=\"center\">canto do povo de um lugar<\/div>\n<div align=\"center\">pipoca moderna<\/div>\n<div align=\"center\">j\u00f3ia<\/div>\n<div align=\"center\">help<\/div>\n<div align=\"center\">gravidade<\/div>\n<div align=\"center\">tudo tudo tudo<\/div>\n<div align=\"center\">na asa do vento<\/div>\n<div align=\"center\">escapul\u00e1rio<\/p>\n<p>PS.: VAI L\u00c1 EM CASA OUVIR ESTE DISCO, EU FA\u00c7O UMA C\u00d3PIA PARA VOC\u00ca!<\/p><\/div>\n<div align=\"center\"><\/div>\n<div align=\"center\"><\/div>\n","protected":false},"excerpt":{"rendered":"<p>Para finalizar o toque musical, especial de homenagens, deste s\u00e1bado, vamos agora com o Caetano Veloso. Ele hoje completa 68 anos. Que bacana, o cara parece ter uns 40 e a cabe\u00e7a de um g\u00eanio de 20. Parab\u00e9ns para ele. &hellip; <a href=\"https:\/\/www.toque-musicall.com\/?p=352\">Continue lendo <span class=\"meta-nav\">&rarr;<\/span><\/a><\/p>\n","protected":false},"author":1,"featured_media":0,"comment_status":"open","ping_status":"closed","sticky":false,"template":"","format":"standard","meta":{"footnotes":""},"categories":[136,48],"tags":[],"class_list":["post-352","post","type-post","status-publish","format-standard","hentry","category-caetano-veloso","category-selo-philips"],"_links":{"self":[{"href":"https:\/\/www.toque-musicall.com\/index.php?rest_route=\/wp\/v2\/posts\/352","targetHints":{"allow":["GET"]}}],"collection":[{"href":"https:\/\/www.toque-musicall.com\/index.php?rest_route=\/wp\/v2\/posts"}],"about":[{"href":"https:\/\/www.toque-musicall.com\/index.php?rest_route=\/wp\/v2\/types\/post"}],"author":[{"embeddable":true,"href":"https:\/\/www.toque-musicall.com\/index.php?rest_route=\/wp\/v2\/users\/1"}],"replies":[{"embeddable":true,"href":"https:\/\/www.toque-musicall.com\/index.php?rest_route=%2Fwp%2Fv2%2Fcomments&post=352"}],"version-history":[{"count":0,"href":"https:\/\/www.toque-musicall.com\/index.php?rest_route=\/wp\/v2\/posts\/352\/revisions"}],"wp:attachment":[{"href":"https:\/\/www.toque-musicall.com\/index.php?rest_route=%2Fwp%2Fv2%2Fmedia&parent=352"}],"wp:term":[{"taxonomy":"category","embeddable":true,"href":"https:\/\/www.toque-musicall.com\/index.php?rest_route=%2Fwp%2Fv2%2Fcategories&post=352"},{"taxonomy":"post_tag","embeddable":true,"href":"https:\/\/www.toque-musicall.com\/index.php?rest_route=%2Fwp%2Fv2%2Ftags&post=352"}],"curies":[{"name":"wp","href":"https:\/\/api.w.org\/{rel}","templated":true}]}}