{"id":3521,"date":"2013-10-22T08:27:56","date_gmt":"2013-10-22T10:27:56","guid":{"rendered":"http:\/\/www.toque-musicall.com\/?p=3521"},"modified":"2013-10-22T08:27:56","modified_gmt":"2013-10-22T10:27:56","slug":"carmem-costa-selecao-78-rpm-do-toque-musical-vol-74-2013","status":"publish","type":"post","link":"https:\/\/www.toque-musicall.com\/?p=3521","title":{"rendered":"Carmem Costa &#8211; Sele\u00e7\u00e3o 78 RPM Do Toque Musical &#8211; Vol. 74 (2013)"},"content":{"rendered":"<p><img loading=\"lazy\" decoding=\"async\" class=\"aligncenter\" alt=\"\" src=\"http:\/\/1.bp.blogspot.com\/-CAWwQwKD67o\/UmZRc-R9iZI\/AAAAAAAAHsM\/YlSlpcjoT30\/s640\/CAPAP.JPG\" width=\"640\" height=\"640\" \/><img loading=\"lazy\" decoding=\"async\" class=\"aligncenter\" alt=\"\" src=\"http:\/\/3.bp.blogspot.com\/-rWiv00q6e48\/UmZRW2BhKfI\/AAAAAAAAHsE\/kauR5JNE9Tw\/s640\/CONTRACAPAp.JPG\" width=\"640\" height=\"640\" \/><\/p>\n<div>Estamos de volta com o Grand Record Brazil, em sua edi\u00e7\u00e3o de n\u00famero 74. Desta vez, apresentamos a primeira de duas partes de uma retrospectiva dedicada a uma das maiores cantoras do Brasil, C\u00e1rmen Costa. Carmelita Madriaga, seu nome na pia batismal, nasceu na pequena cidade de Trajano de Morais, Estado do Rio de Janeiro, no dia 5 de janeiro de 1920. Seus pais eram meeiros (agricultores que trabalham em terras que pertencem a outras pessoas) na Fazenda Agulha, onde a nossa Carmelita, ainda crian\u00e7a, come\u00e7ou a trabalhar como empregada dom\u00e9stica, em casa de uma fam\u00edlia de protestantes. Foi l\u00e1 que aprendeu hinos religiosos, assim demonstrando seu talento de cantora. Em 1935, vem a inevit\u00e1vel mudan\u00e7a para o Rio de Janeiro, e, com apenas 15 anos, empregou-se como dom\u00e9stica na resid\u00eancia de nada mais nada menos que Francisco Alves.\u00a0\u00a0\u00c9 ele quem incentivar\u00e1 Carmelita a seguir carreira art\u00edstica, fazendo-a cantar numa festa para os convidados, entre eles outra C\u00e1rmen famosa, a Miranda. Carmelita, em seguida, apresenta-se como caloura no programa do sempre rigoroso Ary Barroso, saindo-se vencedora, e em grava\u00e7\u00f5es come\u00e7ou participando de coros em grava\u00e7\u00f5es dos \u201cmedalh\u00f5es\u201d da MPB de ent\u00e3o. Em 1937, Carmelita conhece o compositor Henric\u00e3o (Henrique Filipe da Costa), que a batiza artisticamente como C\u00e1rmen Costa e com quem inicia sua carreira profissional, apresentando-se em feiras de amostras como a do Arraial do Rancho Fundo (Juiz de Fora, MG). Em 1939 C\u00e1rmen e Henric\u00e3o se apresentam juntos numa feira de amostras da Pra\u00e7a Quinze, no Rio de Janeiro, ao lado dos maiores cartazes da \u00e9poca (Irm\u00e3s Pagas, Alvarenga e Ranchinho, C\u00e1rmen e Aurora Miranda, etc.). Gravam discos em dupla, cujas m\u00fasicas iremos apresentar em nosso pr\u00f3ximo volume. No carnaval de 1942, consegue seu primeiro grande sucesso com \u201cEst\u00e1 chegando a hora\u201d, presente nesta sele\u00e7\u00e3o. Alguns de seus hits: \u201cS\u00f3 vendo que beleza\u201d, \u201cCarmilito\u201d (tamb\u00e9m aqui presentes), \u201cChamego\u201d, \u201cBusto calado\u201d, \u201cQuase\u201d, \u201cMarcha do Cord\u00e3o da Bola Preta (Segura a chupeta)\u201d, \u201cTem n\u00eago bebo a\u00ed\u201d, \u201cCacha\u00e7a\u201d,\u00a0\u00a0\u201cJarro da saudade\u201d, \u201cEu sou a outra\u201d, \u201cObsess\u00e3o\u201d, etc. Em 1945, casa-se com o americano Hans Van Koehler, e vai viver com ele nos EUA, onde passa uma temporada em Los Angeles e at\u00e9 trabalha como prensadora de discos na RCA Victor! Ela tamb\u00e9m participou do hist\u00f3rico concerto de bossa nova no Carnegie Hall de Nova York, em 1962, marco da internacionaliza\u00e7\u00e3o do movimento.\u00a0\u00a0Ao voltar para o Brasil, nos anos 1950, conhece o compositor Mirabeau Pinheiro, com quem viveu por cinco anos e teve sua \u00fanica filha, Sil\u00e9sia, tamb\u00e9m conhecida como Lu. Entre 1959 e 1963, excursiona por diversos pa\u00edses e passa temporadas no Brasil, voltando aos EUA em 1964, e atua em v\u00e1rios shows ao laod do acordeonista Sivuca.\u00a0\u00a0C\u00e1rmen retorna definitivamente \u00e0 nossa terra no in\u00edcio dos anos 1970, cantando em boates do Rio e de S\u00e3o Paulo. Tamb\u00e9m gravou muitos LPs, inclusive um de ladainhas e benditos.\u00a0\u00a0Apareceu cantando em filmes, tais como \u201cPra l\u00e1 de boa\u201d (1949), \u201cCarnaval em Marte\u201d (1955), \u201cDepois eu conto\u201d (1956) e \u201cVou te cont\u00e1\u201d (1958). Em 2003, por iniciativa do Museu da Rep\u00fablica, \u00e9 \u201ctombada\u201d como patrim\u00f4nio cultural do Brasil, atrav\u00e9s de projeto de lei aprovado pela C\u00e2mara Municipal do Rio. Sua \u00faltima grava\u00e7\u00e3o foi com o cantor Elymar Santos, de quem era convidada especial em alguns shows. C\u00e1rmen Costa faleceu em 25 de abril de 2007, no Rio de Janeiro, de insufici\u00eancia renal e\u00a0\u00a0parada card\u00edaca. Mas ser\u00e1 sempre lembrada como uma de nossas maiores int\u00e9rpretes femininas. Nesta primeira parte do retrospecto que a ela dedicamos, apresentamos\u00a0\u00a0onze de suas melhores grava\u00e7\u00f5es como solista, todas pela Victor.\u00a0\u00a0E come\u00e7amos muito bem, com o samba \u201cS\u00f3 vendo que beleza\u201d, de Henric\u00e3o e Rubens Campos, grava\u00e7\u00e3o de 19 de fevereiro de 1942, lan\u00e7ada em abril seguinte com o n,o 34892-B, matriz S-052483 (regravado inclusive por Elis Regina). \u00c9 claro que iremos tamb\u00e9m ouvir, na faixa 5, o lado A, justamente o cl\u00e1ssico \u201cEst\u00e1 chegando a hora\u201d, adapta\u00e7\u00e3o em ritmo de samba que, feita pelos mesmos Henric\u00e3o e Rubens Campos, da can\u00e7\u00e3o rancheira mexicana \u201cCielito Lindo\u201d, composta em 1882 por Quirino Mendoza e Cort\u00e9s (c.1859-1957) e abriu as portas do estrelato para C\u00e1rmen Costa. Como n\u00e3o conseguissem gravar a m\u00fasica, Henric\u00e3o e C\u00e1rmen\u00a0\u00a0pagaram uma tiragem particular na Victor, distribu\u00edda somente \u00e0s emissoras de r\u00e1dio (grava\u00e7\u00e3o de 30 de dezembro de 1941, matriz R-236). Mesmo divulgada precariamente, \u201cEst\u00e1 chegando a hora\u201d obteve sucesso no carnaval de 1942, o que convenceu a Victor a contratar C\u00e1rmen Costa e a relan\u00e7ar essa mesma matriz, agora em tiragem comercial. At\u00e9 hoje a m\u00fasica \u00e9 sucesso no carnaval e em qualquer ocasi\u00e3o em que se precise de uma can\u00e7\u00e3o de despedida. Henric\u00e3o e Rubens assinam tamb\u00e9m \u201cSiga seu destino\u201d, samba gravado por C\u00e1rmen em 15 de mar\u00e7o de 1946 e lan\u00e7ado em\u00a0\u00a0maio seguinte com o n.o 80-0403-A, matriz S-078443. \u201cN\u00e3o me abandone\u201d, outro samba dessa dupla insepar\u00e1vel, aqui em companhia de Jos\u00e9 Alcides, foi gravado por C\u00e1rmen em 24 de novembro de 1943, com lan\u00e7amento um m\u00eas antes do carnaval de 44, janeiro, sob n.o 80-0153-B, matriz S-052889. Dos mesmos Henric\u00e3o e Rubens \u00e9 o samba \u201cJ\u00e1 \u00e9 de madrugada\u201d, grava\u00e7\u00e3o de 10 de fevereiro de 1943 lan\u00e7ada em abril do mesmo ano, disco 80-0071-B, matriz S-052717. De Bucy Moreira (ilustre neto da lend\u00e1ria Tia Ciata), Carlos de Souza e Ant\u00f4nio Morais \u00e9 o samba \u201cFesta na ro\u00e7a\u201d, grava\u00e7\u00e3o de 5 de agosto de 1942 lan\u00e7ada em outubro seguinte com o n.o 80-0004-B, matriz S-052591. \u201cChorei de dor\u201d \u00e9 outra adapta\u00e7\u00e3o de Henric\u00e3o e Rubens Campos, em ritmo de samba,\u00a0\u00a0de can\u00e7\u00e3o internacional, esta americana, de autoria de Kennedy e Carr, gravada por C\u00e1rmen em 24 de novembro de 1943 e lan\u00e7ada em janeiro de 44 (para o carnaval, claro) com o n.o 80-0153-A, matriz S-052888. O samba \u201cCasinha da Marambaia\u201d vem a ser a continua\u00e7\u00e3o de \u201cS\u00f3 vendo que beleza\u201d, dos mesmos Henric\u00e3o e Rubens, e C\u00e1rmen ir\u00e1 imortalizar esta sequ\u00eancia\u00a0\u00a0no selo do cachorrinho Nipper em\u00a0\u00a015 de fevereiro de 1944, com lan\u00e7amento em abril, sob n.o 80-0172-B, matriz S-052927. Em seguida, temos a adapta\u00e7\u00e3o samb\u00edstica, feita por Henric\u00e3o, para o tango argentino \u201cCaminito\u201d, de Juan de Di\u00f3s Filiberto. Rebatizada \u201cCarmilito\u201d, \u00e9 o lado A de \u201cFesta na ro\u00e7a\u201d, matriz S-052590. Depois, Henric\u00e3o assina com Pr\u00edncipe Pretinho o samba \u201cCaramba\u201d, destinado ao carnaval de 1943, grava\u00e7\u00e3o de 19 de novembro de 42 lan\u00e7ada um m\u00eas antes da folia, em janeiro, com o n.o 80-0045-A, matriz S-052660. Completando o programa, o samba-exalta\u00e7\u00e3o \u201cBahia, terra santa\u201d, dos insepar\u00e1veis Henric\u00e3o e Rubens Campos, grava\u00e7\u00e3o de 15 de mar\u00e7o de 1946, lan\u00e7ada em julho seguinte sob n.o 80-0412-A, matriz S-078445. E na pr\u00f3xima semana, apresentaremos as grava\u00e7\u00f5es feitas por C\u00e1rmen Costa em dueto com Henric\u00e3o. Encontro marcado! At\u00e9 l\u00e1&#8230;<\/div>\n<div><\/div>\n<div>* Texto de Samuel Machado Filho<\/div>\n","protected":false},"excerpt":{"rendered":"<p>Estamos de volta com o Grand Record Brazil, em sua edi\u00e7\u00e3o de n\u00famero 74. Desta vez, apresentamos a primeira de duas partes de uma retrospectiva dedicada a uma das maiores cantoras do Brasil, C\u00e1rmen Costa. Carmelita Madriaga, seu nome na &hellip; <a href=\"https:\/\/www.toque-musicall.com\/?p=3521\">Continue lendo <span class=\"meta-nav\">&rarr;<\/span><\/a><\/p>\n","protected":false},"author":1,"featured_media":0,"comment_status":"open","ping_status":"closed","sticky":false,"template":"","format":"standard","meta":{"footnotes":""},"categories":[1701,1286,11,13],"tags":[],"class_list":["post-3521","post","type-post","status-publish","format-standard","hentry","category-carmem-costa","category-carmen-costa","category-exclusivos-do-toque-musical","category-selo-grand-record-brazil"],"_links":{"self":[{"href":"https:\/\/www.toque-musicall.com\/index.php?rest_route=\/wp\/v2\/posts\/3521","targetHints":{"allow":["GET"]}}],"collection":[{"href":"https:\/\/www.toque-musicall.com\/index.php?rest_route=\/wp\/v2\/posts"}],"about":[{"href":"https:\/\/www.toque-musicall.com\/index.php?rest_route=\/wp\/v2\/types\/post"}],"author":[{"embeddable":true,"href":"https:\/\/www.toque-musicall.com\/index.php?rest_route=\/wp\/v2\/users\/1"}],"replies":[{"embeddable":true,"href":"https:\/\/www.toque-musicall.com\/index.php?rest_route=%2Fwp%2Fv2%2Fcomments&post=3521"}],"version-history":[{"count":1,"href":"https:\/\/www.toque-musicall.com\/index.php?rest_route=\/wp\/v2\/posts\/3521\/revisions"}],"predecessor-version":[{"id":3524,"href":"https:\/\/www.toque-musicall.com\/index.php?rest_route=\/wp\/v2\/posts\/3521\/revisions\/3524"}],"wp:attachment":[{"href":"https:\/\/www.toque-musicall.com\/index.php?rest_route=%2Fwp%2Fv2%2Fmedia&parent=3521"}],"wp:term":[{"taxonomy":"category","embeddable":true,"href":"https:\/\/www.toque-musicall.com\/index.php?rest_route=%2Fwp%2Fv2%2Fcategories&post=3521"},{"taxonomy":"post_tag","embeddable":true,"href":"https:\/\/www.toque-musicall.com\/index.php?rest_route=%2Fwp%2Fv2%2Ftags&post=3521"}],"curies":[{"name":"wp","href":"https:\/\/api.w.org\/{rel}","templated":true}]}}