{"id":3526,"date":"2013-10-24T18:17:42","date_gmt":"2013-10-24T20:17:42","guid":{"rendered":"http:\/\/www.toque-musicall.com\/?p=3526"},"modified":"2013-10-24T18:17:42","modified_gmt":"2013-10-24T20:17:42","slug":"iii-festival-internacional-da-cancao-popular-vol-1-1968","status":"publish","type":"post","link":"https:\/\/www.toque-musicall.com\/?p=3526","title":{"rendered":"III Festival Internacional Da Can\u00e7\u00e3o Popular &#8211; Vol. 1 (1968)"},"content":{"rendered":"<p><img loading=\"lazy\" decoding=\"async\" class=\"aligncenter\" alt=\"\" src=\"http:\/\/1.bp.blogspot.com\/-AZKz_9wBDn4\/UmkD91NZBUI\/AAAAAAAAHs0\/QnZfE_OVcWc\/s640\/capa.JPG\" width=\"637\" height=\"640\" \/><img loading=\"lazy\" decoding=\"async\" class=\"aligncenter\" alt=\"\" src=\"http:\/\/1.bp.blogspot.com\/-MPSWekBnTkA\/UmkD5UAGXAI\/AAAAAAAAHss\/t8YA-ZtaJ0Y\/s640\/contrap.JPG\" width=\"640\" height=\"636\" \/><\/p>\n<p>Ol\u00e1 amigos cultos e ocultos! Hoje a noite estou indo para o Rio buscar um tocadiscos que eu comprei. De quebra, claro, vou dar umas garimpadas nas lojas, sebos e feiras pela cidade. Se algu\u00e9m a\u00ed tiver uma boa dica de compra, me avise. T\u00f4 ligado! Estou indo para a Cidade Maravilhosa, mas volto no domingo (tempo \u00e9 curto!)<br \/>\nE como j\u00e1 dizia o Geraldo Vandr\u00e9: pr\u00e1 n\u00e3o dizer que n\u00e3o falei de flores&#8230; quer dizer, que n\u00e3o postei nada nesta semana&#8230; aqui vai um disquinho bem legal. Uma sele\u00e7\u00e3o da Odeon da m\u00fasicas classificadas no III Festival Internacional da Can\u00e7\u00e3o, de 68. Como voc\u00eas podem ver (e tamb\u00e9m ouvir, claro), temos uma sele\u00e7\u00e3o de \u00f3timas m\u00fasicas e excelentes int\u00e9rpretes. Interessante notar que aqui tamb\u00e9m destacaram os maestros em cada m\u00fasica, um dado importante que deveria estar contido em todos os discos do g\u00eanero. Deixo aqui o volume 1, quando voltar postarei o volume 2, ok? No mais, aquele abra\u00e7o! Pois o Rio, mesmo violento e manifestante, continua lindo! \ud83d\ude09<\/p>\n<div style=\"text-align: center;\">amada canta &#8211; luis claudio e grupo de ensaio<\/div>\n<div style=\"text-align: center;\">raz\u00e3o de cantar &#8211; doris monteiro<\/div>\n<div style=\"text-align: center;\">terra santa &#8211; maria creuza<\/div>\n<div style=\"text-align: center;\">passacalha &#8211; vocalistas modernos<\/div>\n<div style=\"text-align: center;\">capoeira &#8211; elza soares<\/div>\n<div style=\"text-align: center;\">rainha do sobrado &#8211; luiz claudio<\/div>\n<div style=\"text-align: center;\">sabi\u00e1 &#8211; clara nunes<\/div>\n<div style=\"text-align: center;\">roda de samba &#8211; miltinho<\/div>\n<div style=\"text-align: center;\">salmo &#8211; luiza<\/div>\n<div style=\"text-align: center;\">a noite, a mar\u00e9 e o mar &#8211; mary lauria e grupo de ensaio<\/div>\n<div style=\"text-align: center;\">rua da aurora &#8211; clara nunes<\/div>\n<div style=\"text-align: center;\">her\u00f3i de guerra &#8211; vocalistas modernos<\/div>\n<div style=\"text-align: center;\"><\/div>\n<div style=\"text-align: center;\">.<\/div>\n<div style=\"text-align: center;\"><\/div>\n","protected":false},"excerpt":{"rendered":"<p>Ol\u00e1 amigos cultos e ocultos! Hoje a noite estou indo para o Rio buscar um tocadiscos que eu comprei. De quebra, claro, vou dar umas garimpadas nas lojas, sebos e feiras pela cidade. Se algu\u00e9m a\u00ed tiver uma boa dica &hellip; <a href=\"https:\/\/www.toque-musicall.com\/?p=3526\">Continue lendo <span class=\"meta-nav\">&rarr;<\/span><\/a><\/p>\n","protected":false},"author":1,"featured_media":0,"comment_status":"open","ping_status":"closed","sticky":false,"template":"","format":"standard","meta":{"footnotes":""},"categories":[896,200,61,86],"tags":[],"class_list":["post-3526","post","type-post","status-publish","format-standard","hentry","category-clara-nunes","category-doris-monteiro","category-elza-soares","category-selo-odeon"],"_links":{"self":[{"href":"https:\/\/www.toque-musicall.com\/index.php?rest_route=\/wp\/v2\/posts\/3526","targetHints":{"allow":["GET"]}}],"collection":[{"href":"https:\/\/www.toque-musicall.com\/index.php?rest_route=\/wp\/v2\/posts"}],"about":[{"href":"https:\/\/www.toque-musicall.com\/index.php?rest_route=\/wp\/v2\/types\/post"}],"author":[{"embeddable":true,"href":"https:\/\/www.toque-musicall.com\/index.php?rest_route=\/wp\/v2\/users\/1"}],"replies":[{"embeddable":true,"href":"https:\/\/www.toque-musicall.com\/index.php?rest_route=%2Fwp%2Fv2%2Fcomments&post=3526"}],"version-history":[{"count":1,"href":"https:\/\/www.toque-musicall.com\/index.php?rest_route=\/wp\/v2\/posts\/3526\/revisions"}],"predecessor-version":[{"id":3529,"href":"https:\/\/www.toque-musicall.com\/index.php?rest_route=\/wp\/v2\/posts\/3526\/revisions\/3529"}],"wp:attachment":[{"href":"https:\/\/www.toque-musicall.com\/index.php?rest_route=%2Fwp%2Fv2%2Fmedia&parent=3526"}],"wp:term":[{"taxonomy":"category","embeddable":true,"href":"https:\/\/www.toque-musicall.com\/index.php?rest_route=%2Fwp%2Fv2%2Fcategories&post=3526"},{"taxonomy":"post_tag","embeddable":true,"href":"https:\/\/www.toque-musicall.com\/index.php?rest_route=%2Fwp%2Fv2%2Ftags&post=3526"}],"curies":[{"name":"wp","href":"https:\/\/api.w.org\/{rel}","templated":true}]}}