{"id":3530,"date":"2013-10-28T08:48:25","date_gmt":"2013-10-28T10:48:25","guid":{"rendered":"http:\/\/www.toque-musicall.com\/?p=3530"},"modified":"2013-10-28T08:48:25","modified_gmt":"2013-10-28T10:48:25","slug":"carmen-costa-henricao-selecao-78-rpm-do-toque-musical-vol-75-2013","status":"publish","type":"post","link":"https:\/\/www.toque-musicall.com\/?p=3530","title":{"rendered":"Carmen Costa &#038; Henric\u00e3o &#8211; Sele\u00e7\u00e3o 78 RPM do Toque Musical &#8211; Vol. 75 (2013)"},"content":{"rendered":"<p><img loading=\"lazy\" decoding=\"async\" class=\"aligncenter\" alt=\"\" src=\"http:\/\/4.bp.blogspot.com\/-0VwkCbJbI9E\/Um4_ljxPgrI\/AAAAAAAAHt0\/cKrXjdvBOI4\/s640\/CAPAp.jpg\" width=\"640\" height=\"640\" \/><img loading=\"lazy\" decoding=\"async\" class=\"aligncenter\" alt=\"\" src=\"http:\/\/3.bp.blogspot.com\/-9GBGc22G6YA\/Um4_T2nBH4I\/AAAAAAAAHtk\/58RAW8LPeF0\/s640\/CONTRACAPAp.JPG\" width=\"640\" height=\"640\" \/><\/p>\n<div>Em sua edi\u00e7\u00e3o de n\u00famero 75, o Grand Record Brazil apresenta a segunda parte da retrospectiva dedicada \u00e0 grande cantora C\u00e1rmen Costa (1920-2007). Agora, apresentamos aqui sete grava\u00e7\u00f5es que ela fez com o cantor e compositor Henric\u00e3o, pessoa important\u00edssima em sua carreira, e cuja hist\u00f3ria de vida conheceremos agora. Henrique Felipe da Costa nasceu em Itapira, interior de S\u00e3o Paulo, no dia 11 de janeiro de 1908, e, por conta da alta estatura (quase dois metros!), ganhou o apelido de Henric\u00e3o. Em certa \u00e9poca, ganhava a vida como motorista de uma \u201csocialite\u201d que morava na Rua Augusta, e considerava sua a fam\u00edlia da pr\u00f3pria patroa, que muito o admirava. Cantou em circos, parques de divers\u00f5es, r\u00e1dios e festas populares do Nordeste, sozinho ou em dupla com algumas parceiras, a mais famosa, evidentemente, C\u00e1rmen Costa, que obteve muito mais \u00eaxito de p\u00fablico e m\u00eddia do que ele, seu lan\u00e7ador. Al\u00e9m das adapta\u00e7\u00f5es de \u201cCielito lindo\u2019 (\u201cEst\u00e1 chegando a hora\u201d) e \u201cCaminito\u201d (\u201cCarmilito\u201d), Henric\u00e3o assina composi\u00e7\u00f5es juntamente com Rubens Campos (o parceiro mais constante), Bucy Moreira, Caco Velho e Pr\u00edncipe Pretinho, entre outros.\u00a0\u00a0Entre suas v\u00e1rias parceiras de cantorias, antecessoras de C\u00e1rmen Costa, destacam-se a paulistana Risoleta \u2013 que faria sucesso no teatro de revista, s\u00f3 e desacompanhada \u2013 e a carioca Sarita. Embora tenha composto in\u00fameras m\u00fasicas de sucesso , tais como \u201cS\u00f3 vendo que beleza\u201d, e sua sequ\u00eancia \u201cCasinha da Marambaia\u201d (at\u00e9 hoje muitos pensam que \u00e9 esse o t\u00edtulo da primeira m\u00fasica) e mesmo famoso, Henric\u00e3o sempre enfrentou dificuldades financeiras, passando fome, mas era constantemente ajudado por amigos,\u00a0\u00a0e levava a vida sempre com otimismo e esperan\u00e7a.\u00a0\u00a0Trabalhou tamb\u00e9m como ator de cinema, em filmes como \u201cSinh\u00e1 mo\u00e7a\u201d (1953), \u201cA estrada\u201d (1956), \u201cUma certa Lucr\u00e9cia\u201d (1957), \u201cCidade amea\u00e7ada\u201d (1960), \u201cO puritano da Rua Augusta\u201d (1965),\u00a0\u00a0\u201cBet\u00e3o Ronca Ferro\u201d (1970) e \u201cJeca e seu filho preto\u201d (1978), os tr\u00eas \u00faltimos produzidos e estrelados pelo eterno jeca, Mazzaropi, com quem tamb\u00e9m contracenou em \u201cO gato de madame\u201d (1956). Na televis\u00e3o, atuou na novela \u201cOs imigrantes\u201d\u00a0\u00a0(1981), maior sucesso da Rede Bandeirantes no g\u00eanero, e na miniss\u00e9rie \u201cO tronco do ip\u00ea\u201d (1982), da TV Cultura de S\u00e3o Paulo, J\u00e1 tinha feito tamb\u00e9m alguns epis\u00f3dios do \u201cVigilante rodovi\u00e1rio\u201d (1961-62), primeiro seriado de TV produzido no Brasil. Seu \u00faltimo trabalho em disco foi o \u00e1lbum \u201cRecome\u00e7o\u201d, lan\u00e7ado pela Eldorado em 1980, e no qual reencontrou a antiga parceira C\u00e1rmen Costa. Em 1984, j\u00e1 no final de sua vida, foi eleito o primeiro Rei Momo negro da hist\u00f3ria do carnaval de S\u00e3o Paulo. Faleceu em 11 de junho do mesmo ano, tamb\u00e9m em S\u00e3o Paulo, de enfarte, aos 76 anos.<\/div>\n<div>Neste volume do GRB,\u00a0\u00a0apresentamos sete\u00a0\u00a0grava\u00e7\u00f5es que Henric\u00e3o fez em dueto com C\u00e1rmen Costa. Abrindo a sele\u00e7\u00e3o, \u201cSamba, meu n\u00eago\u201d, de Bucy Moreira e Miguel Ba\u00faso, lan\u00e7ado pela Columbia em julho de 1941 com o n.o 55286-A, matriz 421. Depois tem \u201cOnde est\u00e1 o dinheiro?\u201d, samba de Henric\u00e3o sem parceria, em grava\u00e7\u00e3o Odeon de 24 de maio de 1939, lan\u00e7ada em\u00a0\u00a0agosto seguinte com o n.o 11749-A, matriz 6105. \u201cN\u00e3o quero conselho\u201d, samba de Pr\u00edncipe Pretinho e Constantino \u201cSecundino\u201d Silva, foi gravado na Columbia em 19 de julho de 1940 e lan\u00e7ado em agosto do mesmo ano com o n.o 55239-B, matriz 308. \u201cN\u00e3o posso viver sem voc\u00ea\u201d, samba da parceria Henric\u00e3o-Rubens Campos, \u00e9 o lado B de \u201cSamba, meu n\u00eago\u201d, matriz 422. \u201cN\u00e3o dou motivo\u201d, de Max Bulh\u00f5es e Felisberto Martins, \u00e9 outro\u00a0\u00a0lado B, este\u00a0\u00a0de \u201cOnde est\u00e1 o dinheiro?\u201d, matriz 6106. \u201cDance mais um bocado\u201d, de Henric\u00e3o e Pr\u00edncipe Pretinho, \u00e9 o\u00a0\u00a0lado A de \u201cN\u00e3o quero conselho\u201d, matriz 307. E, para encerrar, a marchinha \u201cA festa \u00e9 boa\u201d, dos insepar\u00e1veis Henric\u00e3o e Rubens Campos, grava\u00e7\u00e3o Victor de 19 de dezembro de 1942, lan\u00e7ada um m\u00eas antes do carnaval de 43, em janeiro, disco 80-0045-B, matriz S-052661. Esta \u00e9 a homenagem do GRB a esses dois nomes important\u00edssimos na hist\u00f3ria de nossa m\u00fasica popular.\u00a0\u00a0At\u00e9 a pr\u00f3xima!<\/div>\n<div><\/div>\n<div>Texto de SAMUEL MACHADO FILHO<\/div>\n<div><\/div>\n","protected":false},"excerpt":{"rendered":"<p>Em sua edi\u00e7\u00e3o de n\u00famero 75, o Grand Record Brazil apresenta a segunda parte da retrospectiva dedicada \u00e0 grande cantora C\u00e1rmen Costa (1920-2007). Agora, apresentamos aqui sete grava\u00e7\u00f5es que ela fez com o cantor e compositor Henric\u00e3o, pessoa important\u00edssima em &hellip; <a href=\"https:\/\/www.toque-musicall.com\/?p=3530\">Continue lendo <span class=\"meta-nav\">&rarr;<\/span><\/a><\/p>\n","protected":false},"author":1,"featured_media":0,"comment_status":"open","ping_status":"closed","sticky":false,"template":"","format":"standard","meta":{"footnotes":""},"categories":[1701,11,2251,13],"tags":[],"class_list":["post-3530","post","type-post","status-publish","format-standard","hentry","category-carmem-costa","category-exclusivos-do-toque-musical","category-henricao","category-selo-grand-record-brazil"],"_links":{"self":[{"href":"https:\/\/www.toque-musicall.com\/index.php?rest_route=\/wp\/v2\/posts\/3530","targetHints":{"allow":["GET"]}}],"collection":[{"href":"https:\/\/www.toque-musicall.com\/index.php?rest_route=\/wp\/v2\/posts"}],"about":[{"href":"https:\/\/www.toque-musicall.com\/index.php?rest_route=\/wp\/v2\/types\/post"}],"author":[{"embeddable":true,"href":"https:\/\/www.toque-musicall.com\/index.php?rest_route=\/wp\/v2\/users\/1"}],"replies":[{"embeddable":true,"href":"https:\/\/www.toque-musicall.com\/index.php?rest_route=%2Fwp%2Fv2%2Fcomments&post=3530"}],"version-history":[{"count":1,"href":"https:\/\/www.toque-musicall.com\/index.php?rest_route=\/wp\/v2\/posts\/3530\/revisions"}],"predecessor-version":[{"id":3533,"href":"https:\/\/www.toque-musicall.com\/index.php?rest_route=\/wp\/v2\/posts\/3530\/revisions\/3533"}],"wp:attachment":[{"href":"https:\/\/www.toque-musicall.com\/index.php?rest_route=%2Fwp%2Fv2%2Fmedia&parent=3530"}],"wp:term":[{"taxonomy":"category","embeddable":true,"href":"https:\/\/www.toque-musicall.com\/index.php?rest_route=%2Fwp%2Fv2%2Fcategories&post=3530"},{"taxonomy":"post_tag","embeddable":true,"href":"https:\/\/www.toque-musicall.com\/index.php?rest_route=%2Fwp%2Fv2%2Ftags&post=3530"}],"curies":[{"name":"wp","href":"https:\/\/api.w.org\/{rel}","templated":true}]}}