{"id":3534,"date":"2013-10-29T07:31:20","date_gmt":"2013-10-29T09:31:20","guid":{"rendered":"http:\/\/www.toque-musicall.com\/?p=3534"},"modified":"2013-10-29T07:31:20","modified_gmt":"2013-10-29T09:31:20","slug":"iii-festival-internacional-da-cancao-popular-vol-2-1968","status":"publish","type":"post","link":"https:\/\/www.toque-musicall.com\/?p=3534","title":{"rendered":"III Festival Internacional Da Can\u00e7\u00e3o Popular Vol. 2 (1968)"},"content":{"rendered":"<p><img loading=\"lazy\" decoding=\"async\" class=\"aligncenter\" alt=\"\" src=\"http:\/\/4.bp.blogspot.com\/-AAS6rV-ATvY\/Um94mDAqJgI\/AAAAAAAAHuY\/yJc_-3sxkRc\/s640\/capa+p.JPG\" width=\"640\" height=\"638\" \/><img loading=\"lazy\" decoding=\"async\" class=\"aligncenter\" alt=\"\" src=\"http:\/\/4.bp.blogspot.com\/-c51upLrcDd0\/Um94Ixn1sNI\/AAAAAAAAHuI\/gtQzN3m4PZc\/s640\/contrap.JPG\" width=\"640\" height=\"625\" \/><\/p>\n<p>Bom dia, amigos cultos e ocultos! Segue aqui mais um disco do III Festival Internacional da Can\u00e7\u00e3o Popular, o volume 2. Confesso que li pouco sobre os antigos festivais de m\u00fasica popular da d\u00e9cada de 60. Ali\u00e1s, sempre fa\u00e7o confus\u00e3o, pois foram tantos e com nomes, as vezes, at\u00e9 parecidos. O interessante nessa \u00e9poca \u00e9 que a ind\u00fastria fonogr\u00e1fica investia pesado nesses projetos. Produziam n\u00e3o apenas o disco com as &#8217;12 mais`, aquelas finalistas, mas tamb\u00e9m e na sequ\u00eancia, lan\u00e7avam aquelas m\u00fasicas que chegavam a classifica\u00e7\u00e3o. Isso era muito legal, pois permitia que o p\u00fablico apreciasse as outras m\u00fasicas (que em muitos casos eram t\u00e3o boas ou melhores que as finalistas. Mas enfim, essa \u00e9 uma quest\u00e3o pol\u00eamica, envolve o gosto do fregu\u00eas e os planos das gravadoras.<br \/>\nSegue assim este que \u00e9 o volume 2, trazendo novas can\u00e7\u00f5es, mas se repetido em alguns int\u00e9rpretes. M\u00fasicas \u00a0 de alto n\u00edvel, principalmente pelos arranjos e batutas dos nossos grandes maestros. Vale uma conferida!<\/p>\n<div style=\"text-align: center;\">engano &#8211; morgana<\/div>\n<div style=\"text-align: center;\">vis\u00e3o &#8211; taiguara<\/div>\n<div style=\"text-align: center;\">mestre sala &#8211; elza soares<\/div>\n<div style=\"text-align: center;\">filho de iemanj\u00e1 &#8211; mary lauria<\/div>\n<div style=\"text-align: center;\">am\u00e9rica, am\u00e9rica &#8211; luiza<\/div>\n<div style=\"text-align: center;\">praia s\u00f3 &#8211; maria creuza<\/div>\n<div style=\"text-align: center;\">maria \u00e9 s\u00f3 voc\u00ea &#8211; maria creuza<\/div>\n<div style=\"text-align: center;\">o tempo ter\u00e1 tua paz &#8211; mari\u00e1<\/div>\n<div style=\"text-align: center;\">corpo e alma &#8211; clara nunes<\/div>\n<div style=\"text-align: center;\">mergulhador &#8211; luiza<\/div>\n<div style=\"text-align: center;\">despertar &#8211; doris monteiro<\/div>\n<div style=\"text-align: center;\">canto do amor armando &#8211; mary lauria<\/div>\n<div style=\"text-align: center;\"><\/div>\n<div style=\"text-align: center;\">.<\/div>\n","protected":false},"excerpt":{"rendered":"<p>Bom dia, amigos cultos e ocultos! Segue aqui mais um disco do III Festival Internacional da Can\u00e7\u00e3o Popular, o volume 2. Confesso que li pouco sobre os antigos festivais de m\u00fasica popular da d\u00e9cada de 60. Ali\u00e1s, sempre fa\u00e7o confus\u00e3o, &hellip; <a href=\"https:\/\/www.toque-musicall.com\/?p=3534\">Continue lendo <span class=\"meta-nav\">&rarr;<\/span><\/a><\/p>\n","protected":false},"author":1,"featured_media":0,"comment_status":"open","ping_status":"closed","sticky":false,"template":"","format":"standard","meta":{"footnotes":""},"categories":[61,278,1221,426,2252,215,86,783],"tags":[],"class_list":["post-3534","post","type-post","status-publish","format-standard","hentry","category-elza-soares","category-festivais","category-maria-creusa","category-maria-creuza","category-mary-lauria","category-morgana","category-selo-odeon","category-taiguara"],"_links":{"self":[{"href":"https:\/\/www.toque-musicall.com\/index.php?rest_route=\/wp\/v2\/posts\/3534","targetHints":{"allow":["GET"]}}],"collection":[{"href":"https:\/\/www.toque-musicall.com\/index.php?rest_route=\/wp\/v2\/posts"}],"about":[{"href":"https:\/\/www.toque-musicall.com\/index.php?rest_route=\/wp\/v2\/types\/post"}],"author":[{"embeddable":true,"href":"https:\/\/www.toque-musicall.com\/index.php?rest_route=\/wp\/v2\/users\/1"}],"replies":[{"embeddable":true,"href":"https:\/\/www.toque-musicall.com\/index.php?rest_route=%2Fwp%2Fv2%2Fcomments&post=3534"}],"version-history":[{"count":1,"href":"https:\/\/www.toque-musicall.com\/index.php?rest_route=\/wp\/v2\/posts\/3534\/revisions"}],"predecessor-version":[{"id":3537,"href":"https:\/\/www.toque-musicall.com\/index.php?rest_route=\/wp\/v2\/posts\/3534\/revisions\/3537"}],"wp:attachment":[{"href":"https:\/\/www.toque-musicall.com\/index.php?rest_route=%2Fwp%2Fv2%2Fmedia&parent=3534"}],"wp:term":[{"taxonomy":"category","embeddable":true,"href":"https:\/\/www.toque-musicall.com\/index.php?rest_route=%2Fwp%2Fv2%2Fcategories&post=3534"},{"taxonomy":"post_tag","embeddable":true,"href":"https:\/\/www.toque-musicall.com\/index.php?rest_route=%2Fwp%2Fv2%2Ftags&post=3534"}],"curies":[{"name":"wp","href":"https:\/\/api.w.org\/{rel}","templated":true}]}}