{"id":3539,"date":"2013-10-30T12:40:27","date_gmt":"2013-10-30T14:40:27","guid":{"rendered":"http:\/\/www.toque-musicall.com\/?p=3539"},"modified":"2013-10-30T12:40:27","modified_gmt":"2013-10-30T14:40:27","slug":"iv-festival-internacional-da-cancao-popular-rio-ao-vivo-1969","status":"publish","type":"post","link":"https:\/\/www.toque-musicall.com\/?p=3539","title":{"rendered":"IV Festival Internacional Da Can\u00e7\u00e3o Popular Rio &#8211; Ao Vivo (1969)"},"content":{"rendered":"<p><img loading=\"lazy\" decoding=\"async\" class=\"aligncenter\" alt=\"\" src=\"http:\/\/4.bp.blogspot.com\/-e6-12KvclOI\/UnEFEjnPbhI\/AAAAAAAAHu0\/Ul0R12MZ-Ww\/s640\/capap.JPG\" width=\"629\" height=\"640\" \/><img loading=\"lazy\" decoding=\"async\" class=\"aligncenter\" alt=\"\" src=\"http:\/\/2.bp.blogspot.com\/-DU9hS1klpgI\/UnEFADn2E2I\/AAAAAAAAHus\/7IyTsTpFdRU\/s640\/contrap.JPG\" width=\"640\" height=\"637\" \/><\/p>\n<p>Ol\u00e1 amigos cultos e ocultos! Sei que quase ningu\u00e9m tem lido o que eu escrevo aqui, mesmo assim eu continuo afirmando ser esta a minha primeira voz. Aqui aparecem todas as minhas decis\u00f5es sobre o blog, o que farei e o que deixarei de fazer. Quem n\u00e3o l\u00ea, tem trabalho dobrado e um expectativa muitas vezes frustrada, pois muito do que procuram j\u00e1 n\u00e3o est\u00e1 mais ativo, em links no GTM. E como eu disse, n\u00e3o pretendo repor. Somente o que foi postados nos \u00faltimos seis meses \u00e9 que estar\u00e1 dispon\u00edvel. Quem chega atrasado ou n\u00e3o \u00e9 cativo, come mosca, fica a ver navios&#8230; E n\u00e3o adianta me culparem, pois a culpa pelo que falta \u00e9 do provedor de links, que tem l\u00e1 os seus crit\u00e9rios e prazos determinados para cada arquivo hospedado. Nesse sentido, n\u00e3o h\u00e1 muito o que se fazer. Mudar para outro nem sempre resolve, pois todos tem suas vantagens e desvantagens. Entre os atuais, para mim, o melhor e mais adequado ao Toque Musical \u00e9 o Deposit Files &#8211; homeopaticamente bem dosado. S\u00f3 peca pelo prazo e pela maneira chata para se fazer o download. No mais \u00e9 s\u00f3 alegria \ud83d\ude09<br \/>\nSeguindo aqui, trago mais um disco de Festival, o &#8220;IV Festival Internacional Da Can\u00e7\u00e3o Popular Rio&#8221;. Como se pode ver pela capa e t\u00edtulo na postagem, trata-se da parte internacional deste festival. Uma sele\u00e7\u00e3o musical que a princ\u00edpio n\u00e3o nos traria interesse, n\u00e3o fosse o fato de ser um evento realizado no Brasil e principalmente por apresentar entre elas uma m\u00fasica brasileira e interpretada por brasileiros. Me refiro a bel\u00edssima (e j\u00e1 um cl\u00e1ssico) &#8220;Cantiga por Luciana&#8221;, m\u00fasica de Edmundo Souto e Paulinho Tapaj\u00f3s, este \u00faltimo, recentemente falecido (mais uma boa raz\u00e3o para esta postagem). O \u00e1lbum \u00e9 apresentado como se tivesse sido gravado ao vivo, mas ao que parece nem todas assim s\u00e3o. Inclusive, &#8220;Cantiga por Luciana&#8221;, aqui \u00a0aparece em outra vers\u00e3o, interpretada pela cantora Reginha. Independente de qualquer coisa, acho que vale a pena conhecer, ou redescobrir este lp. Vamos ouvir?<\/p>\n<div style=\"text-align: center;\">evie &#8211; bill medley (estados unidos)<\/div>\n<div style=\"text-align: center;\">allors la lune m&#8217;appartiendra &#8211; lilian askaland (noruega)<\/div>\n<div style=\"text-align: center;\">new world in the morning &#8211; roger whittaker (qu\u00eania)<\/div>\n<div style=\"text-align: center;\">je t&#8217;aime et la terre est bleue &#8211; tereza (iugosl\u00e1via)<\/div>\n<div style=\"text-align: center;\">mon couer est comme la riviere &#8211; herbert leonard (luxemburgo)<\/div>\n<div style=\"text-align: center;\">joue guitare &#8211; rika zarai (israel)<\/div>\n<div style=\"text-align: center;\">bem bem &#8211; bella bellow (tongo)<\/div>\n<div style=\"text-align: center;\">tous les printemps du monde &#8211; romuald (andorra)<\/div>\n<div style=\"text-align: center;\">penelope &#8211; juan manuel serrat (espanha)<\/div>\n<div style=\"text-align: center;\">cantiga por luciana &#8211; regininha (brasil)<\/div>\n<div style=\"text-align: center;\">a wind sang in the trees &#8211; benny borg (su\u00e9cia)<\/div>\n<div style=\"text-align: center;\">nel silenzio &#8211; amir (italia)<\/div>\n<div style=\"text-align: center;\">tzeinerlin &#8211; anne (m\u00f4naco)<\/div>\n<div style=\"text-align: center;\"><\/div>\n<div style=\"text-align: center;\">.<\/div>\n<div style=\"text-align: center;\"><\/div>\n","protected":false},"excerpt":{"rendered":"<p>Ol\u00e1 amigos cultos e ocultos! Sei que quase ningu\u00e9m tem lido o que eu escrevo aqui, mesmo assim eu continuo afirmando ser esta a minha primeira voz. Aqui aparecem todas as minhas decis\u00f5es sobre o blog, o que farei e &hellip; <a href=\"https:\/\/www.toque-musicall.com\/?p=3539\">Continue lendo <span class=\"meta-nav\">&rarr;<\/span><\/a><\/p>\n","protected":false},"author":1,"featured_media":0,"comment_status":"open","ping_status":"closed","sticky":false,"template":"","format":"standard","meta":{"footnotes":""},"categories":[278,2253,48],"tags":[],"class_list":["post-3539","post","type-post","status-publish","format-standard","hentry","category-festivais","category-regininha","category-selo-philips"],"_links":{"self":[{"href":"https:\/\/www.toque-musicall.com\/index.php?rest_route=\/wp\/v2\/posts\/3539","targetHints":{"allow":["GET"]}}],"collection":[{"href":"https:\/\/www.toque-musicall.com\/index.php?rest_route=\/wp\/v2\/posts"}],"about":[{"href":"https:\/\/www.toque-musicall.com\/index.php?rest_route=\/wp\/v2\/types\/post"}],"author":[{"embeddable":true,"href":"https:\/\/www.toque-musicall.com\/index.php?rest_route=\/wp\/v2\/users\/1"}],"replies":[{"embeddable":true,"href":"https:\/\/www.toque-musicall.com\/index.php?rest_route=%2Fwp%2Fv2%2Fcomments&post=3539"}],"version-history":[{"count":1,"href":"https:\/\/www.toque-musicall.com\/index.php?rest_route=\/wp\/v2\/posts\/3539\/revisions"}],"predecessor-version":[{"id":3542,"href":"https:\/\/www.toque-musicall.com\/index.php?rest_route=\/wp\/v2\/posts\/3539\/revisions\/3542"}],"wp:attachment":[{"href":"https:\/\/www.toque-musicall.com\/index.php?rest_route=%2Fwp%2Fv2%2Fmedia&parent=3539"}],"wp:term":[{"taxonomy":"category","embeddable":true,"href":"https:\/\/www.toque-musicall.com\/index.php?rest_route=%2Fwp%2Fv2%2Fcategories&post=3539"},{"taxonomy":"post_tag","embeddable":true,"href":"https:\/\/www.toque-musicall.com\/index.php?rest_route=%2Fwp%2Fv2%2Ftags&post=3539"}],"curies":[{"name":"wp","href":"https:\/\/api.w.org\/{rel}","templated":true}]}}