{"id":354,"date":"2011-09-02T01:18:00","date_gmt":"2011-09-02T01:18:00","guid":{"rendered":"http:\/\/www.toque-musicall.com\/?p=354"},"modified":"2011-09-02T01:18:00","modified_gmt":"2011-09-02T01:18:00","slug":"luiz-melodia-felino-1983","status":"publish","type":"post","link":"https:\/\/www.toque-musicall.com\/?p=354","title":{"rendered":"Luiz Melodia &#8211; Felino (1983)"},"content":{"rendered":"<p><a href=\"http:\/\/2.bp.blogspot.com\/_DSKVEvHtskc\/TJ5ZsgOP-8I\/AAAAAAAAHDo\/RmoATxNtWE8\/s1600\/Luiz+melodia+P.JPG\"><img decoding=\"async\" alt=\"\" border=\"0\" id=\"BLOGGER_PHOTO_ID_5520948814301625282\" src=\"http:\/\/2.bp.blogspot.com\/_DSKVEvHtskc\/TJ5ZsgOP-8I\/AAAAAAAAHDo\/RmoATxNtWE8\/s400\/Luiz+melodia+P.JPG\" style=\"cursor: hand; display: block; height: 396px; margin: 0px auto 10px; text-align: center; width: 400px;\" \/><\/a><a href=\"http:\/\/www.mediafire.com\/?bm1v518embl1pbb\">D<\/a>epois do S\u00e9rgio Sampaio, me lembrei que at\u00e9 hoje eu ainda n\u00e3o postei um disco do Luiz Melodia aqui no Toque Musical. Uma falta comigo mesmo, pois o Melodia \u00e9 um artista genial, adoro o seu trabalho. Ano passado eu encontrei com ele, por acaso l\u00e1, no Vila Ar\u00e1bia. Ele entrou assim meio perdido, tinha sa\u00eddo do hotel Mercury e acho que procurava alguma coisa para comer l\u00e1 na lanchonete. Mineiro \u00e9 um tipo meio orgulhoso, n\u00e3o gosta de tietagem. Quando ele entrou, todo mundo notou. Ali\u00e1s, nem tinha como n\u00e3o notar aquele &#8216;rasta&#8217; com uma \u00e1urea que iluminou o ambiente. Mesmo assim todos se fizeram de indiferente (mas louquinhos para saudar o artista). Eu fui logo na maior intimidade lhe perguntando: &#8220;e a\u00ed Mel\u00f4, vai ter show na cidade?&#8221; O cara foi super simp\u00e1tico, me disse que estaria fazendo shows no final de semana e at\u00e9 me convidou. S\u00f3 n\u00e3o fui por que ele n\u00e3o me deu o ingresso (brincadeirinha&#8230;). N\u00e3o fui porque n\u00e3o deu mesmo. Pena que o Mel\u00f4 desistiu de comer um quibe com Mate Couro. Eu juro que iria pagar a conta dele \ud83d\ude42<br \/>Bom, mas s\u00f3 para n\u00e3o dizer que eu n\u00e3o falei do disco, &#8220;Felino&#8221; foi o quinto \u00e1lbum do artista. Lan\u00e7ado em 1983, o lp traz nove faixas. Todas as m\u00fasicas s\u00e3o de sua autoria ou parceria. O disco num geral \u00e9 bom, mas destacam &#8220;O sangue n\u00e3o nega&#8221; e &#8220;P\u00e1ssaro sem ninho&#8221;, em parceria com Ricardo Augusto e &#8220;S\u00f3&#8221;, com Perinho Santana. Confiram o negro gato!<\/p>\n<div align=\"center\">o sangue n\u00e3o nega<\/div>\n<div align=\"center\">divina criatura<\/div>\n<div align=\"center\">um toque<\/div>\n<div align=\"center\">neja<\/div>\n<div align=\"center\">p\u00e1ssaro sem ninho<\/div>\n<div align=\"center\">s\u00f3 sorri pra bahia<\/div>\n<div align=\"center\">destino cora\u00e7\u00e3o<\/div>\n<div align=\"center\">felino<\/p>\n<p>PS.: VAI L\u00c1 EM CASA OUVIR ESTE DISCO, EU FA\u00c7O UMA C\u00d3PIA PARA VOC\u00ca!<\/p><\/div>\n<div align=\"center\"><\/div>\n<div align=\"center\"><\/div>\n","protected":false},"excerpt":{"rendered":"<p>Depois do S\u00e9rgio Sampaio, me lembrei que at\u00e9 hoje eu ainda n\u00e3o postei um disco do Luiz Melodia aqui no Toque Musical. Uma falta comigo mesmo, pois o Melodia \u00e9 um artista genial, adoro o seu trabalho. Ano passado eu &hellip; <a href=\"https:\/\/www.toque-musicall.com\/?p=354\">Continue lendo <span class=\"meta-nav\">&rarr;<\/span><\/a><\/p>\n","protected":false},"author":1,"featured_media":0,"comment_status":"open","ping_status":"closed","sticky":false,"template":"","format":"standard","meta":{"footnotes":""},"categories":[577,576],"tags":[],"class_list":["post-354","post","type-post","status-publish","format-standard","hentry","category-luiz-melodia","category-selo-barclay"],"_links":{"self":[{"href":"https:\/\/www.toque-musicall.com\/index.php?rest_route=\/wp\/v2\/posts\/354","targetHints":{"allow":["GET"]}}],"collection":[{"href":"https:\/\/www.toque-musicall.com\/index.php?rest_route=\/wp\/v2\/posts"}],"about":[{"href":"https:\/\/www.toque-musicall.com\/index.php?rest_route=\/wp\/v2\/types\/post"}],"author":[{"embeddable":true,"href":"https:\/\/www.toque-musicall.com\/index.php?rest_route=\/wp\/v2\/users\/1"}],"replies":[{"embeddable":true,"href":"https:\/\/www.toque-musicall.com\/index.php?rest_route=%2Fwp%2Fv2%2Fcomments&post=354"}],"version-history":[{"count":0,"href":"https:\/\/www.toque-musicall.com\/index.php?rest_route=\/wp\/v2\/posts\/354\/revisions"}],"wp:attachment":[{"href":"https:\/\/www.toque-musicall.com\/index.php?rest_route=%2Fwp%2Fv2%2Fmedia&parent=354"}],"wp:term":[{"taxonomy":"category","embeddable":true,"href":"https:\/\/www.toque-musicall.com\/index.php?rest_route=%2Fwp%2Fv2%2Fcategories&post=354"},{"taxonomy":"post_tag","embeddable":true,"href":"https:\/\/www.toque-musicall.com\/index.php?rest_route=%2Fwp%2Fv2%2Ftags&post=354"}],"curies":[{"name":"wp","href":"https:\/\/api.w.org\/{rel}","templated":true}]}}