{"id":3563,"date":"2013-11-10T13:55:06","date_gmt":"2013-11-10T15:55:06","guid":{"rendered":"http:\/\/www.toque-musicall.com\/?p=3563"},"modified":"2013-11-10T21:19:18","modified_gmt":"2013-11-10T23:19:18","slug":"nov-10-cartola-carlinhos-vergueiro-claudia-savaget-projeto-pixinguinha-1978-2013","status":"publish","type":"post","link":"https:\/\/www.toque-musicall.com\/?p=3563","title":{"rendered":"Cartola, Carlinhos Vergueiro &#038; Claudia Savaget &#8211; Projeto Pixinguinha 1978 (2013)"},"content":{"rendered":"<p><img loading=\"lazy\" decoding=\"async\" class=\"aligncenter\" alt=\"\" src=\"http:\/\/3.bp.blogspot.com\/-4CiO8FeqB8k\/Un-rEBkjBzI\/AAAAAAAAHxw\/F7YmQsonl_Y\/s640\/C\u00f3pia+de+CAPAP.JPG\" width=\"640\" height=\"640\" \/><img loading=\"lazy\" decoding=\"async\" class=\"aligncenter\" alt=\"\" src=\"http:\/\/1.bp.blogspot.com\/-jViSLRcc8E4\/Un-q9Eq0zgI\/AAAAAAAAHxo\/wsqxg5UeMVM\/s640\/CONTRACAPAP.JPG\" width=\"640\" height=\"640\" \/><\/p>\n<div>E como hoje \u00e9 domingo e eu estou ligeiramente folgado, vou trazendo aqui mais uma produ\u00e7\u00e3o da casa, \u00a0o Volume 7 da s\u00e9rie Projeto Pixinguinha. Cole\u00e7\u00e3o esta que eu come\u00e7ei a mostrar no ano passado, buscando divulgar o excelente trabalho do Portal das Artes, da Funarte, um site maravilhoso onde a gente pode encontrar o acervo digitalizado desta Funda\u00e7\u00e3o que \u00e9 uma rica cole\u00e7\u00e3o de fotos, arquivos sonoros, textos e documentos de uma boa parte da mem\u00f3ria das artes pl\u00e1sticas, c\u00eanicas e musical do Brasil. Um verdadeiro tesouro, acess\u00edvel a todos e o que \u00e9 melhor, de gra\u00e7a! Infelizmente, em nosso amado pa\u00eds, tudo que \u00e9 de gra\u00e7a, que \u00e9 cultural, o povo desconhece ou despreza. Lament\u00e1vel&#8230; Mas \u00e9 no boca a boca, na informa\u00e7\u00e3o e no seu compartilhamento \u00e9 que as coisa funciona. O Toque Musical, al\u00e9m de gostar muito de compartilhar m\u00fasica e outros \u00e1udios, adora tamb\u00e9m divulgar coisas boas. Trazer boas novas \u00e9 sempre mais gratificante que ser o porta voz de desgra\u00e7as, embora tenha nesse mundo mais publico para a merda.<\/div>\n<div><i>&#8220;Depois do sucesso em\u00a0<a href=\"http:\/\/www.funarte.gov.br\/brasilmemoriadasartes\/acervo\/pixinguinha\/na-abertura-do-projeto-pixinguinha-uma-aula-de-samba-com-joao-nogueira-e-cartola\/\">1977, quando dividiu com Jo\u00e3o Nogueira um dos espet\u00e1culos de abertura do Projeto Pixinguinha<\/a><\/i><i>, mestre Cartola voltou \u00e0 estrada em 1978. Desta vez, dividiu o palco com dois novos companheiros: o compositor Carlinhos Vergueiro e a cantora Cl\u00e1udia Savaget. E, em vez de seis cidades, percorreu um total de dez, distribu\u00eddas por quatro regi\u00f5es do pa\u00eds: Sudeste (Rio de Janeiro e Vit\u00f3ria), Centro-Oeste (Bras\u00edlia), Nordeste (Salvador, Recife, Macei\u00f3, Jo\u00e3o Pessoa, Natal e Fortaleza) e Norte (Bel\u00e9m)&#8230;&#8221;<\/i>\u00a0<a href=\"http:\/\/www.funarte.gov.br\/brasilmemoriadasartes\/acervo\/pixinguinha\/projeto-pixinguinha-1978-o-bis-de-cartola\/\">Continue a leitura no site Brasil &#8211; Mem\u00f3rias das Artes<\/a>.<\/div>\n<div><\/div>\n<div>\n<div style=\"text-align: center;\">como um ladr\u00e3o &#8211; carlinhos vergueiro<\/div>\n<\/div>\n<div style=\"text-align: center;\">\n<div>camisa molhada &#8211; carlinhos vergueiro<\/div>\n<\/div>\n<div style=\"text-align: center;\">\n<div>morma\u00e7o &#8211; carlinhos vergueiro<\/div>\n<\/div>\n<div style=\"text-align: center;\">\n<div>sim &#8211; carlinhos vergueiro<\/div>\n<\/div>\n<div style=\"text-align: center;\">\n<div>alvorada &#8211; cartola<\/div>\n<\/div>\n<div style=\"text-align: center;\">\n<div>tristezas &#8211; cartola<\/div>\n<\/div>\n<div style=\"text-align: center;\">\n<div>o mundo \u00e9 um moinho &#8211; cartola<\/div>\n<\/div>\n<div style=\"text-align: center;\">\n<div>porque vamos chorando &#8211; claudia savaget<\/div>\n<\/div>\n<div style=\"text-align: center;\">\n<div>valsa &#8211; carlinhos vergueiro<\/div>\n<\/div>\n<div style=\"text-align: center;\">\n<div>apresentando os m\u00fasicos<\/div>\n<\/div>\n<div style=\"text-align: center;\">\n<div>brecha &#8211; carlinhos vergueiro<\/div>\n<\/div>\n<div style=\"text-align: center;\">\n<div>orelh\u00e3o de avenida &#8211; carlinhos vergueiro<\/div>\n<\/div>\n<div style=\"text-align: center;\">\n<div>samambaias &#8211; claudia savaget<\/div>\n<\/div>\n<div style=\"text-align: center;\">\n<div>a cor da esperan\u00e7a &#8211; cartola<\/div>\n<\/div>\n<div style=\"text-align: center;\">\n<div>corra e olha o c\u00e9u (fragmento) &#8211; cartola<\/div>\n<\/div>\n<div style=\"text-align: center;\">\n<div>a can\u00e7\u00e3o que chegou &#8211; cartola<\/div>\n<\/div>\n<div style=\"text-align: center;\">\n<div>as rosas n\u00e3o falam &#8211; cartola<\/div>\n<\/div>\n<div style=\"text-align: center;\">\n<div>as rosas n\u00e3o valam (reprise) &#8211; cartola<\/div>\n<\/div>\n<div style=\"text-align: center;\">\n<div>o sol nascer\u00e1 &#8211; cartola, claudia e carlinhos<\/div>\n<\/div>\n<div style=\"text-align: center;\"><\/div>\n<div>\n<div style=\"text-align: center;\">.<\/div>\n<\/div>\n","protected":false},"excerpt":{"rendered":"<p>E como hoje \u00e9 domingo e eu estou ligeiramente folgado, vou trazendo aqui mais uma produ\u00e7\u00e3o da casa, \u00a0o Volume 7 da s\u00e9rie Projeto Pixinguinha. Cole\u00e7\u00e3o esta que eu come\u00e7ei a mostrar no ano passado, buscando divulgar o excelente trabalho &hellip; <a href=\"https:\/\/www.toque-musicall.com\/?p=3563\">Continue lendo <span class=\"meta-nav\">&rarr;<\/span><\/a><\/p>\n","protected":false},"author":1,"featured_media":0,"comment_status":"open","ping_status":"closed","sticky":false,"template":"","format":"standard","meta":{"footnotes":""},"categories":[527,1471,2134,11,62],"tags":[],"class_list":["post-3563","post","type-post","status-publish","format-standard","hentry","category-carlinhos-vergueiro","category-cartola","category-claudia-savaget","category-exclusivos-do-toque-musical","category-projeto-pixinguinha"],"_links":{"self":[{"href":"https:\/\/www.toque-musicall.com\/index.php?rest_route=\/wp\/v2\/posts\/3563","targetHints":{"allow":["GET"]}}],"collection":[{"href":"https:\/\/www.toque-musicall.com\/index.php?rest_route=\/wp\/v2\/posts"}],"about":[{"href":"https:\/\/www.toque-musicall.com\/index.php?rest_route=\/wp\/v2\/types\/post"}],"author":[{"embeddable":true,"href":"https:\/\/www.toque-musicall.com\/index.php?rest_route=\/wp\/v2\/users\/1"}],"replies":[{"embeddable":true,"href":"https:\/\/www.toque-musicall.com\/index.php?rest_route=%2Fwp%2Fv2%2Fcomments&post=3563"}],"version-history":[{"count":2,"href":"https:\/\/www.toque-musicall.com\/index.php?rest_route=\/wp\/v2\/posts\/3563\/revisions"}],"predecessor-version":[{"id":3567,"href":"https:\/\/www.toque-musicall.com\/index.php?rest_route=\/wp\/v2\/posts\/3563\/revisions\/3567"}],"wp:attachment":[{"href":"https:\/\/www.toque-musicall.com\/index.php?rest_route=%2Fwp%2Fv2%2Fmedia&parent=3563"}],"wp:term":[{"taxonomy":"category","embeddable":true,"href":"https:\/\/www.toque-musicall.com\/index.php?rest_route=%2Fwp%2Fv2%2Fcategories&post=3563"},{"taxonomy":"post_tag","embeddable":true,"href":"https:\/\/www.toque-musicall.com\/index.php?rest_route=%2Fwp%2Fv2%2Ftags&post=3563"}],"curies":[{"name":"wp","href":"https:\/\/api.w.org\/{rel}","templated":true}]}}