{"id":357,"date":"2011-09-01T01:17:00","date_gmt":"2011-09-01T01:17:00","guid":{"rendered":"http:\/\/www.toque-musicall.com\/?p=357"},"modified":"2011-09-01T01:17:00","modified_gmt":"2011-09-01T01:17:00","slug":"os-guaranis-1964","status":"publish","type":"post","link":"https:\/\/www.toque-musicall.com\/?p=357","title":{"rendered":"Os Guaranis (1964)"},"content":{"rendered":"<div style=\"clear: both; text-align: center;\"><a href=\"http:\/\/4.bp.blogspot.com\/-8IFluP7zUzo\/Tl7Pxm2ZOUI\/AAAAAAAAIRQ\/wS7yP9zy4qE\/s1600\/os+guaranis+P.JPG\" style=\"margin-left: 1em; margin-right: 1em;\"><img loading=\"lazy\" decoding=\"async\" border=\"0\" height=\"397\" src=\"http:\/\/4.bp.blogspot.com\/-8IFluP7zUzo\/Tl7Pxm2ZOUI\/AAAAAAAAIRQ\/wS7yP9zy4qE\/s400\/os+guaranis+P.JPG\" width=\"400\" \/><\/a><\/div>\n<p>Boa noite amigos cultos e ocultos! Hoje eu trago para voc\u00eas um disquinho dos mais interessantes e raros. Totalmente esquecido, at\u00e9 mesmo em sites especializados em m\u00fasica popular brasileira. N\u00e3o h\u00e1 nenhuma refer\u00eancia na rede a respeito deste trio vocal, chamado Os Guaranis.<br \/>Seguindo a linha do Trio Irakitan, este grupo surgiu no in\u00edcio dos anos 50, na R\u00e1dio Iracema, de Fortaleza. Chamavam-se &#8220;Trio Guarni&#8221;. Nesta d\u00e9cada fizeram muito sucesso, sendo considerado o melhor conjunto vocal do Cear\u00e1. A partir de 1957 eles sa\u00edram em excurs\u00e3o, tanto por outras cidades do norte e nordeste, como tamb\u00e9m por v\u00e1rios pa\u00edses da Am\u00e9rica Latina e Estados Unidos. Em 1963, j\u00e1 de volta ao Brasil, o trio se apresenta no programa de tv da Hebe Camargo com o nome definido de &#8220;Os Guaranis&#8221;. Produzidos por Nazareno de Brito, eles gravam ent\u00e3o este \u00e1lbum, com um repert\u00f3rio que vai do samba ao rock italiano, entre outros estilos muito em voga naquela \u00e9poca. At\u00e9 onde eu sei, Os Guaranis s\u00f3 gravaram este lp e um compacto, tamb\u00e9m pela Copacabana. Me parece tamb\u00e9m que eles acompanharam a Angela Maria e at\u00e9 gravaram com ela. Confiram aqui este albinho bacana \ud83d\ude09<\/p>\n<div style=\"text-align: center;\">baile do tijolo (il ballo del mattone)<\/div>\n<div style=\"text-align: center;\">n\u00e3o sou ningu\u00e9m (uno dei tanti)<\/div>\n<div style=\"text-align: center;\">t\u00f4 me gamando (pelel\u00e9)<\/div>\n<div style=\"text-align: center;\">jacarandosa<\/div>\n<div style=\"text-align: center;\">balada de quem volta<\/div>\n<div style=\"text-align: center;\">sabor a mim<\/div>\n<div style=\"text-align: center;\">os ciganos (les gitans)<\/div>\n<div style=\"text-align: center;\">triangulo<\/div>\n<div style=\"text-align: center;\">sonho louco<\/div>\n<div style=\"text-align: center;\">sabe deus<\/div>\n<div style=\"text-align: center;\">este amor<\/div>\n<div style=\"text-align: center;\">vingan\u00e7a<\/div>\n<div style=\"text-align: center;\"><\/div>\n<div style=\"text-align: center;\"><\/div>\n","protected":false},"excerpt":{"rendered":"<p>Boa noite amigos cultos e ocultos! Hoje eu trago para voc\u00eas um disquinho dos mais interessantes e raros. Totalmente esquecido, at\u00e9 mesmo em sites especializados em m\u00fasica popular brasileira. N\u00e3o h\u00e1 nenhuma refer\u00eancia na rede a respeito deste trio vocal, &hellip; <a href=\"https:\/\/www.toque-musicall.com\/?p=357\">Continue lendo <span class=\"meta-nav\">&rarr;<\/span><\/a><\/p>\n","protected":false},"author":1,"featured_media":0,"comment_status":"open","ping_status":"closed","sticky":false,"template":"","format":"standard","meta":{"footnotes":""},"categories":[581,152],"tags":[],"class_list":["post-357","post","type-post","status-publish","format-standard","hentry","category-os-guaranis","category-selo-copacabana"],"_links":{"self":[{"href":"https:\/\/www.toque-musicall.com\/index.php?rest_route=\/wp\/v2\/posts\/357","targetHints":{"allow":["GET"]}}],"collection":[{"href":"https:\/\/www.toque-musicall.com\/index.php?rest_route=\/wp\/v2\/posts"}],"about":[{"href":"https:\/\/www.toque-musicall.com\/index.php?rest_route=\/wp\/v2\/types\/post"}],"author":[{"embeddable":true,"href":"https:\/\/www.toque-musicall.com\/index.php?rest_route=\/wp\/v2\/users\/1"}],"replies":[{"embeddable":true,"href":"https:\/\/www.toque-musicall.com\/index.php?rest_route=%2Fwp%2Fv2%2Fcomments&post=357"}],"version-history":[{"count":0,"href":"https:\/\/www.toque-musicall.com\/index.php?rest_route=\/wp\/v2\/posts\/357\/revisions"}],"wp:attachment":[{"href":"https:\/\/www.toque-musicall.com\/index.php?rest_route=%2Fwp%2Fv2%2Fmedia&parent=357"}],"wp:term":[{"taxonomy":"category","embeddable":true,"href":"https:\/\/www.toque-musicall.com\/index.php?rest_route=%2Fwp%2Fv2%2Fcategories&post=357"},{"taxonomy":"post_tag","embeddable":true,"href":"https:\/\/www.toque-musicall.com\/index.php?rest_route=%2Fwp%2Fv2%2Ftags&post=357"}],"curies":[{"name":"wp","href":"https:\/\/api.w.org\/{rel}","templated":true}]}}