{"id":3579,"date":"2013-11-14T13:11:13","date_gmt":"2013-11-14T15:11:13","guid":{"rendered":"http:\/\/www.toque-musicall.com\/?p=3579"},"modified":"2013-11-15T13:14:48","modified_gmt":"2013-11-15T15:14:48","slug":"lula-cortes-e-ze-ramalho-pabiru-caminho-da-montanha-do-sol-1976","status":"publish","type":"post","link":"https:\/\/www.toque-musicall.com\/?p=3579","title":{"rendered":"Lula Cortes e Ze Ramalho &#8211; Pabir\u00fa Caminho Da Montanha Do Sol (1976)"},"content":{"rendered":"<p><img loading=\"lazy\" decoding=\"async\" class=\"aligncenter\" alt=\"\" src=\"http:\/\/1.bp.blogspot.com\/-bobWoQndMww\/UoYl8W-oSMI\/AAAAAAAAHzc\/qC8Ah_4Tu5Y\/s640\/capap.JPG\" width=\"640\" height=\"618\" \/><img loading=\"lazy\" decoding=\"async\" class=\"aligncenter\" alt=\"\" src=\"http:\/\/2.bp.blogspot.com\/-TnDvqm7L7AM\/UoYlz38BO1I\/AAAAAAAAHzU\/ZD3hDgYg0f8\/s640\/contrap.JPG\" width=\"640\" height=\"621\" \/><\/p>\n<p>Na \u00faltima Feira do Vinil de Belo Horizonte me apareceu um cara trazendo de baixo do bra\u00e7o o &#8220;Pa\u00eabir\u00fa&#8221;, \u00e1lbum rar\u00edssimo gravado por Lula C\u00f4rtes e Z\u00e9 Ramalho em 1974. Segundo o vendedor, o disco caiu em suas m\u00e3os meio que por acaso, numa barganha e ele nem sabia da hist\u00f3ria e do valor do disco, nem ele e muito menos quem lhe passou o lp. Somente alguns dias depois foi saber que se tratava do disco perdido de Z\u00e9 Ramalho. Ali\u00e1s, um disco original, relativamente bem conservado e completo. Ouviu algu\u00e9m cantar que o \u00e1lbum valia uma boa grana e n\u00e3o deixou por menos, queria 1500 pratas no \u00e1lbum. Pirou&#8230; isso \u00e9 pre\u00e7o que eu n\u00e3o pago. O disco mais caro que eu comprei at\u00e9 hoje foi o compacto original do OSeis (pr\u00e9-Mutantes), por 15 reais. Eu disse comprei? Sim, mas vendi por 300 :). Sou at\u00e9 capaz de pagar uma nota preta por um disco, mas tem que ser algo que eu goste muito. Essa coisa de ficar pagando caro s\u00f3 para dizer que tem, eu s\u00f3 fa\u00e7o se for por especula\u00e7\u00e3o, como investimento certo para se ganhar em dobro. Por\u00e9m, no caso deste disco aqui, o cara j\u00e1 colocou o pre\u00e7o l\u00e1 em cima, 1500 pratas \u00e9 muita grana, s\u00f3 vai comprar mesmo que for colecionador e abonado. Se tiver algu\u00e9m a\u00ed interessado, eu passo o canal. Me parece que ele ainda n\u00e3o conseguiu vender pelo pre\u00e7o que queria.\u00a0H\u00e1 tanta hist\u00f3ria a respeito deste disco que eu prefiro nem me estender. Quem quiser saber um pouco mais basta consultar a enciclopedia Google. Este \u00e1lbum, contradizendo a sua raridade, hoje j\u00e1 se tornou figurinha batida em centenas de outros blogs. Foi relan\u00e7ado em vinil e cd, l\u00e1 fora e tamb\u00e9m aqui no Brasil. Por conta da fama, ele ainda assim,\u00a0acaba tendo uma boa cota\u00e7\u00e3o. Uma c\u00f3pia em vinil n\u00e3o sai por menos de 150 reais.<\/p>\n<div style=\"text-align: center;\">trilha de sum\u00e9<\/div>\n<div style=\"text-align: center;\">culto a terra<\/div>\n<div style=\"text-align: center;\">bailado das muscarias<\/div>\n<div style=\"text-align: center;\">harpa do ares<\/div>\n<div style=\"text-align: center;\">n\u00e3o existe molhado igual ao pranto<\/div>\n<div style=\"text-align: center;\">omm<\/div>\n<div style=\"text-align: center;\">raga dos raios<\/div>\n<div style=\"text-align: center;\">nas paredes da pedra encantada<\/div>\n<div style=\"text-align: center;\">mar\u00e1cas de fogo<\/div>\n<div style=\"text-align: center;\">louva\u00e7\u00e3o a iemanj\u00e1<\/div>\n<div style=\"text-align: center;\">regato da montanha<\/div>\n<div style=\"text-align: center;\">beira mar<\/div>\n<div style=\"text-align: center;\">pedra templo animal<\/div>\n<div style=\"text-align: center;\">trilha sum\u00e9<\/div>\n<div style=\"text-align: center;\"><\/div>\n<div style=\"text-align: center;\">.<\/div>\n<div style=\"text-align: center;\"><\/div>\n","protected":false},"excerpt":{"rendered":"<p>Na \u00faltima Feira do Vinil de Belo Horizonte me apareceu um cara trazendo de baixo do bra\u00e7o o &#8220;Pa\u00eabir\u00fa&#8221;, \u00e1lbum rar\u00edssimo gravado por Lula C\u00f4rtes e Z\u00e9 Ramalho em 1974. Segundo o vendedor, o disco caiu em suas m\u00e3os meio &hellip; <a href=\"https:\/\/www.toque-musicall.com\/?p=3579\">Continue lendo <span class=\"meta-nav\">&rarr;<\/span><\/a><\/p>\n","protected":false},"author":1,"featured_media":0,"comment_status":"open","ping_status":"closed","sticky":false,"template":"","format":"standard","meta":{"footnotes":""},"categories":[2263],"tags":[],"class_list":["post-3579","post","type-post","status-publish","format-standard","hentry","category-selo-solar"],"_links":{"self":[{"href":"https:\/\/www.toque-musicall.com\/index.php?rest_route=\/wp\/v2\/posts\/3579","targetHints":{"allow":["GET"]}}],"collection":[{"href":"https:\/\/www.toque-musicall.com\/index.php?rest_route=\/wp\/v2\/posts"}],"about":[{"href":"https:\/\/www.toque-musicall.com\/index.php?rest_route=\/wp\/v2\/types\/post"}],"author":[{"embeddable":true,"href":"https:\/\/www.toque-musicall.com\/index.php?rest_route=\/wp\/v2\/users\/1"}],"replies":[{"embeddable":true,"href":"https:\/\/www.toque-musicall.com\/index.php?rest_route=%2Fwp%2Fv2%2Fcomments&post=3579"}],"version-history":[{"count":1,"href":"https:\/\/www.toque-musicall.com\/index.php?rest_route=\/wp\/v2\/posts\/3579\/revisions"}],"predecessor-version":[{"id":3582,"href":"https:\/\/www.toque-musicall.com\/index.php?rest_route=\/wp\/v2\/posts\/3579\/revisions\/3582"}],"wp:attachment":[{"href":"https:\/\/www.toque-musicall.com\/index.php?rest_route=%2Fwp%2Fv2%2Fmedia&parent=3579"}],"wp:term":[{"taxonomy":"category","embeddable":true,"href":"https:\/\/www.toque-musicall.com\/index.php?rest_route=%2Fwp%2Fv2%2Fcategories&post=3579"},{"taxonomy":"post_tag","embeddable":true,"href":"https:\/\/www.toque-musicall.com\/index.php?rest_route=%2Fwp%2Fv2%2Ftags&post=3579"}],"curies":[{"name":"wp","href":"https:\/\/api.w.org\/{rel}","templated":true}]}}